{"id":116813,"date":"2023-04-11T10:10:05","date_gmt":"2023-04-11T13:10:05","guid":{"rendered":"https:\/\/eldiariodesanpedro.com.ar\/sitio\/?p=116813"},"modified":"2023-04-11T10:10:06","modified_gmt":"2023-04-11T13:10:06","slug":"capacitacion-de-pro-huerta-en-gobernador-castro","status":"publish","type":"post","link":"https:\/\/eldiariodesanpedro.com.ar\/sitio\/capacitacion-de-pro-huerta-en-gobernador-castro\/","title":{"rendered":"Capacitaci\u00f3n de Pro-Huerta en Gobernador Castro"},"content":{"rendered":"<!-- VideographyWP Plugin Message: Automatic video embedding prevented by plugin options. -->\n\n<p>En el Centro Municipal de Jubilados de Gobernador Castro se concret\u00f3 este lunes 10 de abril una capacitaci\u00f3n del Programa Pro-Huerta que impulsa en todo el pa\u00eds el Instituto Nacional de Tecnolog\u00eda Agropecuaria (INTA).<\/p>\n\n\n\n<p>La actividad cont\u00f3 con la participaci\u00f3n del Delegado de la localidad \u00c1ngel \u00c1lvarez y de Ver\u00f3nica Liljesthrom, t\u00e9cnica del INTA San Pedro, quien brind\u00f3 informaci\u00f3n \u00fatil para el desarrollo de huertas hogare\u00f1as con la asistencia del organismo que provee semillas y brinda asistencia t\u00e9cnica para el seguimiento.<\/p>\n\n\n\n<p>En este caso se realiz\u00f3 el lanzamiento de la temporada oto\u00f1o &#8211; invierno 2023 con la entrega de semillas, intercambio de experiencias y proyecci\u00f3n de pr\u00f3ximas actividades y capacitaciones.<\/p>\n\n\n\n<figure class=\"wp-block-image size-large\"><img decoding=\"async\" width=\"1024\" height=\"564\" data-attachment-id=\"116815\" data-permalink=\"https:\/\/eldiariodesanpedro.com.ar\/sitio\/capacitacion-de-pro-huerta-en-gobernador-castro\/whatsapp-image-2023-04-11-at-09-29-50-1\/\" data-orig-file=\"https:\/\/eldiariodesanpedro.com.ar\/sitio\/wp-content\/uploads\/2023\/04\/WhatsApp-Image-2023-04-11-at-09.29.50-1.jpeg\" data-orig-size=\"1144,630\" data-comments-opened=\"0\" data-image-meta=\"{&quot;aperture&quot;:&quot;0&quot;,&quot;credit&quot;:&quot;&quot;,&quot;camera&quot;:&quot;&quot;,&quot;caption&quot;:&quot;&quot;,&quot;created_timestamp&quot;:&quot;0&quot;,&quot;copyright&quot;:&quot;&quot;,&quot;focal_length&quot;:&quot;0&quot;,&quot;iso&quot;:&quot;0&quot;,&quot;shutter_speed&quot;:&quot;0&quot;,&quot;title&quot;:&quot;&quot;,&quot;orientation&quot;:&quot;0&quot;}\" data-image-title=\"WhatsApp Image 2023-04-11 at 09.29.50 (1)\" data-image-description=\"\" data-image-caption=\"\" data-large-file=\"https:\/\/eldiariodesanpedro.com.ar\/sitio\/wp-content\/uploads\/2023\/04\/WhatsApp-Image-2023-04-11-at-09.29.50-1-1024x564.jpeg\" data-src=\"https:\/\/eldiariodesanpedro.com.ar\/sitio\/wp-content\/uploads\/2023\/04\/WhatsApp-Image-2023-04-11-at-09.29.50-1-1024x564.jpeg\" alt=\"\" class=\"wp-image-116815 lazyload\" data-srcset=\"https:\/\/eldiariodesanpedro.com.ar\/sitio\/wp-content\/uploads\/2023\/04\/WhatsApp-Image-2023-04-11-at-09.29.50-1-1024x564.jpeg 1024w, https:\/\/eldiariodesanpedro.com.ar\/sitio\/wp-content\/uploads\/2023\/04\/WhatsApp-Image-2023-04-11-at-09.29.50-1-300x165.jpeg 300w, https:\/\/eldiariodesanpedro.com.ar\/sitio\/wp-content\/uploads\/2023\/04\/WhatsApp-Image-2023-04-11-at-09.29.50-1-768x423.jpeg 768w, https:\/\/eldiariodesanpedro.com.ar\/sitio\/wp-content\/uploads\/2023\/04\/WhatsApp-Image-2023-04-11-at-09.29.50-1.jpeg 1144w\" data-sizes=\"(max-width: 1024px) 100vw, 1024px\" src=\"data:image\/svg+xml;base64,PHN2ZyB3aWR0aD0iMSIgaGVpZ2h0PSIxIiB4bWxucz0iaHR0cDovL3d3dy53My5vcmcvMjAwMC9zdmciPjwvc3ZnPg==\" style=\"--smush-placeholder-width: 1024px; --smush-placeholder-aspect-ratio: 1024\/564;\" \/><\/figure>\n\n\n\n<figure class=\"wp-block-image size-full\"><img decoding=\"async\" width=\"960\" height=\"630\" data-attachment-id=\"116814\" data-permalink=\"https:\/\/eldiariodesanpedro.com.ar\/sitio\/capacitacion-de-pro-huerta-en-gobernador-castro\/whatsapp-image-2023-04-11-at-09-29-49\/\" data-orig-file=\"https:\/\/eldiariodesanpedro.com.ar\/sitio\/wp-content\/uploads\/2023\/04\/WhatsApp-Image-2023-04-11-at-09.29.49.jpeg\" data-orig-size=\"960,630\" data-comments-opened=\"0\" data-image-meta=\"{&quot;aperture&quot;:&quot;0&quot;,&quot;credit&quot;:&quot;&quot;,&quot;camera&quot;:&quot;&quot;,&quot;caption&quot;:&quot;&quot;,&quot;created_timestamp&quot;:&quot;0&quot;,&quot;copyright&quot;:&quot;&quot;,&quot;focal_length&quot;:&quot;0&quot;,&quot;iso&quot;:&quot;0&quot;,&quot;shutter_speed&quot;:&quot;0&quot;,&quot;title&quot;:&quot;&quot;,&quot;orientation&quot;:&quot;0&quot;}\" data-image-title=\"WhatsApp Image 2023-04-11 at 09.29.49\" data-image-description=\"\" data-image-caption=\"\" data-large-file=\"https:\/\/eldiariodesanpedro.com.ar\/sitio\/wp-content\/uploads\/2023\/04\/WhatsApp-Image-2023-04-11-at-09.29.49.jpeg\" data-src=\"https:\/\/eldiariodesanpedro.com.ar\/sitio\/wp-content\/uploads\/2023\/04\/WhatsApp-Image-2023-04-11-at-09.29.49.jpeg\" alt=\"\" class=\"wp-image-116814 lazyload\" data-srcset=\"https:\/\/eldiariodesanpedro.com.ar\/sitio\/wp-content\/uploads\/2023\/04\/WhatsApp-Image-2023-04-11-at-09.29.49.jpeg 960w, https:\/\/eldiariodesanpedro.com.ar\/sitio\/wp-content\/uploads\/2023\/04\/WhatsApp-Image-2023-04-11-at-09.29.49-300x197.jpeg 300w, https:\/\/eldiariodesanpedro.com.ar\/sitio\/wp-content\/uploads\/2023\/04\/WhatsApp-Image-2023-04-11-at-09.29.49-768x504.jpeg 768w\" data-sizes=\"(max-width: 960px) 100vw, 960px\" src=\"data:image\/svg+xml;base64,PHN2ZyB3aWR0aD0iMSIgaGVpZ2h0PSIxIiB4bWxucz0iaHR0cDovL3d3dy53My5vcmcvMjAwMC9zdmciPjwvc3ZnPg==\" style=\"--smush-placeholder-width: 960px; --smush-placeholder-aspect-ratio: 960\/630;\" \/><\/figure>\n","protected":false},"excerpt":{"rendered":"<p>En el Centro Municipal de Jubilados de Gobernador Castro se concret\u00f3 este lunes 10 de abril una capacitaci\u00f3n del Programa Pro-Huerta que impulsa en todo el pa\u00eds el Instituto Nacional de Tecnolog\u00eda Agropecuaria (INTA). La actividad cont\u00f3 con la participaci\u00f3n del Delegado de la localidad \u00c1ngel \u00c1lvarez y de Ver\u00f3nica Liljesthrom, t\u00e9cnica del INTA San [&hellip;]<\/p>\n","protected":false},"author":4,"featured_media":116817,"comment_status":"closed","ping_status":"closed","sticky":false,"template":"","format":"standard","meta":{"om_disable_all_campaigns":false,"_jetpack_memberships_contains_paid_content":false,"footnotes":""},"categories":[101,2],"tags":[197,3509,696,33,19],"class_list":["post-116813","post","type-post","status-publish","format-standard","has-post-thumbnail","hentry","category-interes-general-locales","category-locales","tag-buenos-aires","tag-capacitacion-de-pro-huerta-en-gobernador-castro","tag-interes-general","tag-locales","tag-san-pedro"],"aioseo_notices":[],"gutentor_comment":0,"jetpack_featured_media_url":"https:\/\/eldiariodesanpedro.com.ar\/sitio\/wp-content\/uploads\/2023\/04\/WhatsApp-Image-2023-04-11-at-09.29.50.jpeg","jetpack_shortlink":"https:\/\/wp.me\/p6RhLt-uo5","jetpack_sharing_enabled":true,"_links":{"self":[{"href":"https:\/\/eldiariodesanpedro.com.ar\/sitio\/wp-json\/wp\/v2\/posts\/116813","targetHints":{"allow":["GET"]}}],"collection":[{"href":"https:\/\/eldiariodesanpedro.com.ar\/sitio\/wp-json\/wp\/v2\/posts"}],"about":[{"href":"https:\/\/eldiariodesanpedro.com.ar\/sitio\/wp-json\/wp\/v2\/types\/post"}],"author":[{"embeddable":true,"href":"https:\/\/eldiariodesanpedro.com.ar\/sitio\/wp-json\/wp\/v2\/users\/4"}],"replies":[{"embeddable":true,"href":"https:\/\/eldiariodesanpedro.com.ar\/sitio\/wp-json\/wp\/v2\/comments?post=116813"}],"version-history":[{"count":1,"href":"https:\/\/eldiariodesanpedro.com.ar\/sitio\/wp-json\/wp\/v2\/posts\/116813\/revisions"}],"predecessor-version":[{"id":116818,"href":"https:\/\/eldiariodesanpedro.com.ar\/sitio\/wp-json\/wp\/v2\/posts\/116813\/revisions\/116818"}],"wp:featuredmedia":[{"embeddable":true,"href":"https:\/\/eldiariodesanpedro.com.ar\/sitio\/wp-json\/wp\/v2\/media\/116817"}],"wp:attachment":[{"href":"https:\/\/eldiariodesanpedro.com.ar\/sitio\/wp-json\/wp\/v2\/media?parent=116813"}],"wp:term":[{"taxonomy":"category","embeddable":true,"href":"https:\/\/eldiariodesanpedro.com.ar\/sitio\/wp-json\/wp\/v2\/categories?post=116813"},{"taxonomy":"post_tag","embeddable":true,"href":"https:\/\/eldiariodesanpedro.com.ar\/sitio\/wp-json\/wp\/v2\/tags?post=116813"}],"curies":[{"name":"wp","href":"https:\/\/api.w.org\/{rel}","templated":true}]}}