{"id":116801,"date":"2023-04-10T22:05:26","date_gmt":"2023-04-11T01:05:26","guid":{"rendered":"https:\/\/eldiariodesanpedro.com.ar\/sitio\/?p=116801"},"modified":"2023-04-10T22:10:52","modified_gmt":"2023-04-11T01:10:52","slug":"la-sampedrina-priscila-colom-debuta-con-exito-en-la-pena-de-morfi","status":"publish","type":"post","link":"https:\/\/eldiariodesanpedro.com.ar\/sitio\/la-sampedrina-priscila-colom-debuta-con-exito-en-la-pena-de-morfi\/","title":{"rendered":"La sampedrina Priscila Colom debuta con \u00e9xito en \u00abLa Pe\u00f1a de Morfi\u00bb"},"content":{"rendered":"<!-- VideographyWP Plugin Message: Automatic video embedding prevented by plugin options. -->\n\n<p>La joven acordeonista y cantante sampedrina, Priscila Colom, debut\u00f3 con \u00e9xito en el programa \u00abLa Pe\u00f1a de Morfi\u00bb de Telef\u00e9, este domingo 10 de abril. El programa es conocido por convocar a los principales artistas del pa\u00eds en todos los g\u00e9neros musicales y contar con una gran audiencia.<\/p>\n\n\n\n<p>Georgina Barbarossa, conductora del programa junto a J\u00e9sica Cirio, present\u00f3 a la sampedrina antes de que interpretara su versi\u00f3n de \u00abOraci\u00f3n del Remanso\u00bb, dedic\u00e1ndosela a sus padres \u00aby a todos los pescadores\u00bb. Barbarossa pidi\u00f3 al p\u00fablico que recordara su nombre, lo que fue respondido con una gran ovaci\u00f3n.<\/p>\n\n\n\n<p>En una entrevista, Priscila record\u00f3 su infancia en la isla, donde su padre escuchaba chamam\u00e9 todo el d\u00eda, y c\u00f3mo a los 11 a\u00f1os encontr\u00f3 un acorde\u00f3n muy chiquito, una \u00abpaisanita\u00bb, arriba de un ropero. Desde entonces, se encerr\u00f3 con la computadora para empezar a sacar melod\u00edas, lo que ha llevado a su gran \u00e9xito actual.<\/p>\n\n\n\n<p>El reconocido m\u00fasico litorale\u00f1o, Antonio Tarrag\u00f3 Ros, dedic\u00f3 unas palabras a la joven sampedrina, expresando su alegr\u00eda por tenerla en el programa y calific\u00e1ndola como una \u00abtalentosa gurisa\u00bb.<\/p>\n\n\n\n<p>Priscila ya tiene pr\u00f3ximas presentaciones confirmadas, como su participaci\u00f3n en el Festival Patria, que tendr\u00e1 lugar del 25 al 28 de mayo en el Teatro Brodway. Sin duda, este es solo el comienzo de una prometedora carrera para esta joven talentosa.<\/p>\n\n\n\n<iframe data-src=\"https:\/\/www.facebook.com\/plugins\/video.php?height=314&#038;href=https%3A%2F%2Fwww.facebook.com%2Feldiario.sanpedro.7%2Fvideos%2F1162401671090971%2F&#038;show_text=false&#038;width=560&#038;t=0\" width=\"560\" height=\"314\" style=\"border:none;overflow:hidden\" scrolling=\"no\" frameborder=\"0\" allowfullscreen=\"true\" allow=\"autoplay; clipboard-write; encrypted-media; picture-in-picture; web-share\" allowFullScreen=\"true\" src=\"data:image\/svg+xml;base64,PHN2ZyB3aWR0aD0iMSIgaGVpZ2h0PSIxIiB4bWxucz0iaHR0cDovL3d3dy53My5vcmcvMjAwMC9zdmciPjwvc3ZnPg==\" class=\"lazyload\" data-load-mode=\"1\"><\/iframe>\n","protected":false},"excerpt":{"rendered":"<p>La joven acordeonista y cantante sampedrina, Priscila Colom, debut\u00f3 con \u00e9xito en el programa \u00abLa Pe\u00f1a de Morfi\u00bb de Telef\u00e9, este domingo 10 de abril. El programa es conocido por convocar a los principales artistas del pa\u00eds en todos los g\u00e9neros musicales y contar con una gran audiencia. Georgina Barbarossa, conductora del programa junto a [&hellip;]<\/p>\n","protected":false},"author":4,"featured_media":116802,"comment_status":"closed","ping_status":"closed","sticky":false,"template":"","format":"standard","meta":{"om_disable_all_campaigns":false,"_jetpack_memberships_contains_paid_content":false,"footnotes":""},"categories":[50,101,2],"tags":[197,696,33,19],"class_list":["post-116801","post","type-post","status-publish","format-standard","has-post-thumbnail","hentry","category-destacadas","category-interes-general-locales","category-locales","tag-buenos-aires","tag-interes-general","tag-locales","tag-san-pedro"],"aioseo_notices":[],"gutentor_comment":0,"jetpack_featured_media_url":"https:\/\/eldiariodesanpedro.com.ar\/sitio\/wp-content\/uploads\/2023\/04\/medida-11.jpg","jetpack_shortlink":"https:\/\/wp.me\/p6RhLt-unT","jetpack_sharing_enabled":true,"_links":{"self":[{"href":"https:\/\/eldiariodesanpedro.com.ar\/sitio\/wp-json\/wp\/v2\/posts\/116801","targetHints":{"allow":["GET"]}}],"collection":[{"href":"https:\/\/eldiariodesanpedro.com.ar\/sitio\/wp-json\/wp\/v2\/posts"}],"about":[{"href":"https:\/\/eldiariodesanpedro.com.ar\/sitio\/wp-json\/wp\/v2\/types\/post"}],"author":[{"embeddable":true,"href":"https:\/\/eldiariodesanpedro.com.ar\/sitio\/wp-json\/wp\/v2\/users\/4"}],"replies":[{"embeddable":true,"href":"https:\/\/eldiariodesanpedro.com.ar\/sitio\/wp-json\/wp\/v2\/comments?post=116801"}],"version-history":[{"count":2,"href":"https:\/\/eldiariodesanpedro.com.ar\/sitio\/wp-json\/wp\/v2\/posts\/116801\/revisions"}],"predecessor-version":[{"id":116804,"href":"https:\/\/eldiariodesanpedro.com.ar\/sitio\/wp-json\/wp\/v2\/posts\/116801\/revisions\/116804"}],"wp:featuredmedia":[{"embeddable":true,"href":"https:\/\/eldiariodesanpedro.com.ar\/sitio\/wp-json\/wp\/v2\/media\/116802"}],"wp:attachment":[{"href":"https:\/\/eldiariodesanpedro.com.ar\/sitio\/wp-json\/wp\/v2\/media?parent=116801"}],"wp:term":[{"taxonomy":"category","embeddable":true,"href":"https:\/\/eldiariodesanpedro.com.ar\/sitio\/wp-json\/wp\/v2\/categories?post=116801"},{"taxonomy":"post_tag","embeddable":true,"href":"https:\/\/eldiariodesanpedro.com.ar\/sitio\/wp-json\/wp\/v2\/tags?post=116801"}],"curies":[{"name":"wp","href":"https:\/\/api.w.org\/{rel}","templated":true}]}}