{"id":116798,"date":"2023-04-10T21:32:17","date_gmt":"2023-04-11T00:32:17","guid":{"rendered":"https:\/\/eldiariodesanpedro.com.ar\/sitio\/?p=116798"},"modified":"2023-04-10T21:32:18","modified_gmt":"2023-04-11T00:32:18","slug":"robos-de-celulares-empanan-el-exito-del-festival-rock-en-baradero","status":"publish","type":"post","link":"https:\/\/eldiariodesanpedro.com.ar\/sitio\/robos-de-celulares-empanan-el-exito-del-festival-rock-en-baradero\/","title":{"rendered":"Robos de celulares empa\u00f1an el \u00e9xito del festival Rock en Baradero"},"content":{"rendered":"<!-- VideographyWP Plugin Message: Automatic video embedding prevented by plugin options. -->\n\n<p>Miles de personas se congregaron durante el fin de semana en la vecina ciudad para disfrutar del festival Rock en Baradero, el cual cont\u00f3 con una impresionante grilla de artistas y un alto nivel art\u00edstico. Sin embargo, como suele suceder en eventos masivos, tambi\u00e9n se registr\u00f3 un aumento en el n\u00famero de delitos.<\/p>\n\n\n\n<p>A trav\u00e9s de las redes sociales y en las dependencias policiales de la zona, se inform\u00f3 que se denunciaron decenas de robos de tel\u00e9fonos celulares, muchos de ellos dentro del anfiteatro o en sus alrededores. Adem\u00e1s, los propietarios de algunos de estos dispositivos comprobaron posteriormente que se hab\u00edan realizado transacciones desde sus billeteras virtuales.<\/p>\n\n\n\n<p>Incluso, algunos artistas que se presentaron en el festival, como El Mono de Kapanga, aprovecharon el escenario para pedir que se detengan estos il\u00edcitos y se garantice la seguridad de los asistentes.<\/p>\n\n\n\n<p>La situaci\u00f3n llev\u00f3 a un incremento notable en la demanda de comercios vinculados al rubro de la telefon\u00eda en San Pedro y Baradero durante el s\u00e1bado.<\/p>\n\n\n\n<p>Las primeras investigaciones realizadas por las autoridades policiales llevaron a la geolocalizaci\u00f3n de algunos de los dispositivos robados en la zona sur del conurbano bonaerense.<\/p>\n\n\n\n<p>A pesar de estos incidentes, el festival Rock en Baradero se mantuvo como uno de los eventos m\u00e1s destacados en la escena musical de la regi\u00f3n y espera seguir siendo un atractivo para miles de fan\u00e1ticos del rock en las pr\u00f3ximas ediciones.<\/p>\n","protected":false},"excerpt":{"rendered":"<p>Miles de personas se congregaron durante el fin de semana en la vecina ciudad para disfrutar del festival Rock en Baradero, el cual cont\u00f3 con una impresionante grilla de artistas y un alto nivel art\u00edstico. Sin embargo, como suele suceder en eventos masivos, tambi\u00e9n se registr\u00f3 un aumento en el n\u00famero de delitos. A trav\u00e9s [&hellip;]<\/p>\n","protected":false},"author":4,"featured_media":116799,"comment_status":"closed","ping_status":"closed","sticky":false,"template":"","format":"standard","meta":{"om_disable_all_campaigns":false,"_jetpack_memberships_contains_paid_content":false,"footnotes":""},"categories":[50,101,2],"tags":[197,696,33,19],"class_list":["post-116798","post","type-post","status-publish","format-standard","has-post-thumbnail","hentry","category-destacadas","category-interes-general-locales","category-locales","tag-buenos-aires","tag-interes-general","tag-locales","tag-san-pedro"],"aioseo_notices":[],"gutentor_comment":0,"jetpack_featured_media_url":"https:\/\/eldiariodesanpedro.com.ar\/sitio\/wp-content\/uploads\/2023\/04\/como-evitar-que-te-roben-el-celular-incluso-en-eventos-masivos.jpg","jetpack_shortlink":"https:\/\/wp.me\/p6RhLt-unQ","jetpack_sharing_enabled":true,"_links":{"self":[{"href":"https:\/\/eldiariodesanpedro.com.ar\/sitio\/wp-json\/wp\/v2\/posts\/116798","targetHints":{"allow":["GET"]}}],"collection":[{"href":"https:\/\/eldiariodesanpedro.com.ar\/sitio\/wp-json\/wp\/v2\/posts"}],"about":[{"href":"https:\/\/eldiariodesanpedro.com.ar\/sitio\/wp-json\/wp\/v2\/types\/post"}],"author":[{"embeddable":true,"href":"https:\/\/eldiariodesanpedro.com.ar\/sitio\/wp-json\/wp\/v2\/users\/4"}],"replies":[{"embeddable":true,"href":"https:\/\/eldiariodesanpedro.com.ar\/sitio\/wp-json\/wp\/v2\/comments?post=116798"}],"version-history":[{"count":1,"href":"https:\/\/eldiariodesanpedro.com.ar\/sitio\/wp-json\/wp\/v2\/posts\/116798\/revisions"}],"predecessor-version":[{"id":116800,"href":"https:\/\/eldiariodesanpedro.com.ar\/sitio\/wp-json\/wp\/v2\/posts\/116798\/revisions\/116800"}],"wp:featuredmedia":[{"embeddable":true,"href":"https:\/\/eldiariodesanpedro.com.ar\/sitio\/wp-json\/wp\/v2\/media\/116799"}],"wp:attachment":[{"href":"https:\/\/eldiariodesanpedro.com.ar\/sitio\/wp-json\/wp\/v2\/media?parent=116798"}],"wp:term":[{"taxonomy":"category","embeddable":true,"href":"https:\/\/eldiariodesanpedro.com.ar\/sitio\/wp-json\/wp\/v2\/categories?post=116798"},{"taxonomy":"post_tag","embeddable":true,"href":"https:\/\/eldiariodesanpedro.com.ar\/sitio\/wp-json\/wp\/v2\/tags?post=116798"}],"curies":[{"name":"wp","href":"https:\/\/api.w.org\/{rel}","templated":true}]}}