{"id":116795,"date":"2023-04-10T21:15:11","date_gmt":"2023-04-11T00:15:11","guid":{"rendered":"https:\/\/eldiariodesanpedro.com.ar\/sitio\/?p=116795"},"modified":"2023-04-10T21:15:13","modified_gmt":"2023-04-11T00:15:13","slug":"mauro-rasio-hemos-tenido-un-avance-muy-grande-en-los-ultimos-anos","status":"publish","type":"post","link":"https:\/\/eldiariodesanpedro.com.ar\/sitio\/mauro-rasio-hemos-tenido-un-avance-muy-grande-en-los-ultimos-anos\/","title":{"rendered":"Mauro Rasio: \u00abHemos tenido un avance muy grande en los \u00faltimos a\u00f1os\u00bb"},"content":{"rendered":"<!-- VideographyWP Plugin Message: Automatic video embedding prevented by plugin options. -->\n\n<p>Tras la asamblea el ex presidente de Bomberos estuvo en el estudio de FM G\u00e9nesis e hizo una evaluaci\u00f3n de su gesti\u00f3n a cargo de la instituci\u00f3n.<br>Concretada la Asamblea General, Bomberos Voluntarios inici\u00f3 una nueva etapa con Eduardo Dlapa como presidente. De todos modos la entidad viene atravesando un momento excepcional y todo tiene que ver con la seriedad y responsabilidad que los \u00faltimos consejos administrativos manejaron sus recursos.<br>Despu\u00e9s de cinco a\u00f1os a cargo del Consejo, Mauro Rasio, dej\u00f3 la presidencia y de visita en el estudio de FM G\u00e9nesis realiz\u00f3 un balance junto a Eduardo Dlapa que es una continuidad de la gesti\u00f3n.<br>\u00abHemos tenido un avance muy grande en los \u00faltimos a\u00f1os, y eso tambi\u00e9n se lo tenemos que agradecer al cuerpo activo y a la jefatura que supieron interpretar los lineamientos, y como en cualquier familia cuando hab\u00eda que cerrar la canillas se cerraban y cuando se pod\u00eda gastar se gastaba pero siempre con un horizonte marcado\u00bb, dijo Rasio.<br>\u00abQuedan muchos proyectos que debemos concretar como la parte nueva del cuartel, el destacamento de R\u00edo Tala, pero bueno, la econom\u00eda no es la m\u00e1s propicia en este momento pero nos hemos reinventado para poder concretarlos\u00bb, resalt\u00f3 el dirigente.<\/p>\n\n\n\n<p>Fuente: San Pedro Informa<\/p>\n","protected":false},"excerpt":{"rendered":"<p>Tras la asamblea el ex presidente de Bomberos estuvo en el estudio de FM G\u00e9nesis e hizo una evaluaci\u00f3n de su gesti\u00f3n a cargo de la instituci\u00f3n.Concretada la Asamblea General, Bomberos Voluntarios inici\u00f3 una nueva etapa con Eduardo Dlapa como presidente. De todos modos la entidad viene atravesando un momento excepcional y todo tiene que [&hellip;]<\/p>\n","protected":false},"author":4,"featured_media":116796,"comment_status":"closed","ping_status":"closed","sticky":false,"template":"","format":"standard","meta":{"om_disable_all_campaigns":false,"_jetpack_memberships_contains_paid_content":false,"footnotes":""},"categories":[50,101,2],"tags":[197,696,33,19],"class_list":["post-116795","post","type-post","status-publish","format-standard","has-post-thumbnail","hentry","category-destacadas","category-interes-general-locales","category-locales","tag-buenos-aires","tag-interes-general","tag-locales","tag-san-pedro"],"aioseo_notices":[],"gutentor_comment":0,"jetpack_featured_media_url":"https:\/\/eldiariodesanpedro.com.ar\/sitio\/wp-content\/uploads\/2023\/04\/0000021764-resized-1920x1080-1.jpg","jetpack_shortlink":"https:\/\/wp.me\/p6RhLt-unN","jetpack_sharing_enabled":true,"_links":{"self":[{"href":"https:\/\/eldiariodesanpedro.com.ar\/sitio\/wp-json\/wp\/v2\/posts\/116795","targetHints":{"allow":["GET"]}}],"collection":[{"href":"https:\/\/eldiariodesanpedro.com.ar\/sitio\/wp-json\/wp\/v2\/posts"}],"about":[{"href":"https:\/\/eldiariodesanpedro.com.ar\/sitio\/wp-json\/wp\/v2\/types\/post"}],"author":[{"embeddable":true,"href":"https:\/\/eldiariodesanpedro.com.ar\/sitio\/wp-json\/wp\/v2\/users\/4"}],"replies":[{"embeddable":true,"href":"https:\/\/eldiariodesanpedro.com.ar\/sitio\/wp-json\/wp\/v2\/comments?post=116795"}],"version-history":[{"count":1,"href":"https:\/\/eldiariodesanpedro.com.ar\/sitio\/wp-json\/wp\/v2\/posts\/116795\/revisions"}],"predecessor-version":[{"id":116797,"href":"https:\/\/eldiariodesanpedro.com.ar\/sitio\/wp-json\/wp\/v2\/posts\/116795\/revisions\/116797"}],"wp:featuredmedia":[{"embeddable":true,"href":"https:\/\/eldiariodesanpedro.com.ar\/sitio\/wp-json\/wp\/v2\/media\/116796"}],"wp:attachment":[{"href":"https:\/\/eldiariodesanpedro.com.ar\/sitio\/wp-json\/wp\/v2\/media?parent=116795"}],"wp:term":[{"taxonomy":"category","embeddable":true,"href":"https:\/\/eldiariodesanpedro.com.ar\/sitio\/wp-json\/wp\/v2\/categories?post=116795"},{"taxonomy":"post_tag","embeddable":true,"href":"https:\/\/eldiariodesanpedro.com.ar\/sitio\/wp-json\/wp\/v2\/tags?post=116795"}],"curies":[{"name":"wp","href":"https:\/\/api.w.org\/{rel}","templated":true}]}}