{"id":116784,"date":"2023-04-10T18:22:50","date_gmt":"2023-04-10T21:22:50","guid":{"rendered":"https:\/\/eldiariodesanpedro.com.ar\/sitio\/?p=116784"},"modified":"2023-04-10T18:22:52","modified_gmt":"2023-04-10T21:22:52","slug":"atencion-de-la-secretaria-de-politicas-de-genero-mujeres-y-diversidad-junto-a-la-comisaria-de-la-mujer-y-la-familia-en-los-destacamentos-policiales","status":"publish","type":"post","link":"https:\/\/eldiariodesanpedro.com.ar\/sitio\/atencion-de-la-secretaria-de-politicas-de-genero-mujeres-y-diversidad-junto-a-la-comisaria-de-la-mujer-y-la-familia-en-los-destacamentos-policiales\/","title":{"rendered":"Atenci\u00f3n de la Secretar\u00eda de Pol\u00edticas de G\u00e9nero, Mujeres y Diversidad junto a la Comisar\u00eda de la Mujer y la Familia en los destacamentos policiales"},"content":{"rendered":"<!-- VideographyWP Plugin Message: Automatic video embedding prevented by plugin options. -->\n\n<p>La Secretar\u00eda de Pol\u00edticas de G\u00e9nero, Mujeres y Diversidad de la Municipalidad de San Pedro, en conjunto con la Comisar\u00eda de la Mujer y la Familia, dan a conocer el cronograma de atenci\u00f3n presencial en las localidades, para realizar asesoramiento, asistencia y recepci\u00f3n de denuncias.<\/p>\n\n\n\n<p>Estos operativos conjuntos tendr\u00e1n lugar en los destacamentos policiales de cada localidad, de acuerdo al siguiente cronograma:<\/p>\n\n\n\n<ul class=\"wp-block-list\"><li>Santa Luc\u00eda\/Pueblo Doyle: Mi\u00e9rcoles 12 de abril, de 10.00 a 12.00. Destacamento Policial Santa Luc\u00eda (Ayacucho 345)<\/li><li>R\u00edo Tala: Lunes 17 de abril, de 10.00 a 12.00. Destacamento Policial R\u00edo Tala (G\u00fcemes s\/n)<\/li><li>Gobernador Castro: Martes 25 de abril, de 10.00 a 12.00, Destacamento Policial Gobernador Castro (San Juan s\/n)<\/li><li>La Tosquera: Jueves 4 de mayo, de 10.00 a 12.00, Destacamento La Tosquera (Calle 106 N\u00ba 4160)<\/li><\/ul>\n","protected":false},"excerpt":{"rendered":"<p>La Secretar\u00eda de Pol\u00edticas de G\u00e9nero, Mujeres y Diversidad de la Municipalidad de San Pedro, en conjunto con la Comisar\u00eda de la Mujer y la Familia, dan a conocer el cronograma de atenci\u00f3n presencial en las localidades, para realizar asesoramiento, asistencia y recepci\u00f3n de denuncias. Estos operativos conjuntos tendr\u00e1n lugar en los destacamentos policiales de [&hellip;]<\/p>\n","protected":false},"author":4,"featured_media":80098,"comment_status":"closed","ping_status":"closed","sticky":false,"template":"","format":"standard","meta":{"om_disable_all_campaigns":false,"_jetpack_memberships_contains_paid_content":false,"footnotes":""},"categories":[101,2],"tags":[197,696,33,19],"class_list":["post-116784","post","type-post","status-publish","format-standard","has-post-thumbnail","hentry","category-interes-general-locales","category-locales","tag-buenos-aires","tag-interes-general","tag-locales","tag-san-pedro"],"aioseo_notices":[],"gutentor_comment":0,"jetpack_featured_media_url":"https:\/\/eldiariodesanpedro.com.ar\/sitio\/wp-content\/uploads\/2020\/08\/la-comisaria-de-la-mujer___w9ngJVkEw_640x361__1.jpg","jetpack_shortlink":"https:\/\/wp.me\/p6RhLt-unC","jetpack_sharing_enabled":true,"_links":{"self":[{"href":"https:\/\/eldiariodesanpedro.com.ar\/sitio\/wp-json\/wp\/v2\/posts\/116784","targetHints":{"allow":["GET"]}}],"collection":[{"href":"https:\/\/eldiariodesanpedro.com.ar\/sitio\/wp-json\/wp\/v2\/posts"}],"about":[{"href":"https:\/\/eldiariodesanpedro.com.ar\/sitio\/wp-json\/wp\/v2\/types\/post"}],"author":[{"embeddable":true,"href":"https:\/\/eldiariodesanpedro.com.ar\/sitio\/wp-json\/wp\/v2\/users\/4"}],"replies":[{"embeddable":true,"href":"https:\/\/eldiariodesanpedro.com.ar\/sitio\/wp-json\/wp\/v2\/comments?post=116784"}],"version-history":[{"count":1,"href":"https:\/\/eldiariodesanpedro.com.ar\/sitio\/wp-json\/wp\/v2\/posts\/116784\/revisions"}],"predecessor-version":[{"id":116785,"href":"https:\/\/eldiariodesanpedro.com.ar\/sitio\/wp-json\/wp\/v2\/posts\/116784\/revisions\/116785"}],"wp:featuredmedia":[{"embeddable":true,"href":"https:\/\/eldiariodesanpedro.com.ar\/sitio\/wp-json\/wp\/v2\/media\/80098"}],"wp:attachment":[{"href":"https:\/\/eldiariodesanpedro.com.ar\/sitio\/wp-json\/wp\/v2\/media?parent=116784"}],"wp:term":[{"taxonomy":"category","embeddable":true,"href":"https:\/\/eldiariodesanpedro.com.ar\/sitio\/wp-json\/wp\/v2\/categories?post=116784"},{"taxonomy":"post_tag","embeddable":true,"href":"https:\/\/eldiariodesanpedro.com.ar\/sitio\/wp-json\/wp\/v2\/tags?post=116784"}],"curies":[{"name":"wp","href":"https:\/\/api.w.org\/{rel}","templated":true}]}}