{"id":116781,"date":"2023-04-10T18:14:13","date_gmt":"2023-04-10T21:14:13","guid":{"rendered":"https:\/\/eldiariodesanpedro.com.ar\/sitio\/?p=116781"},"modified":"2023-04-10T18:14:15","modified_gmt":"2023-04-10T21:14:15","slug":"emilce-acuna-presenta-su-libro-tordos-en-el-centro-cultural-abelardo-castillo","status":"publish","type":"post","link":"https:\/\/eldiariodesanpedro.com.ar\/sitio\/emilce-acuna-presenta-su-libro-tordos-en-el-centro-cultural-abelardo-castillo\/","title":{"rendered":"Emilce Acu\u00f1a presenta su libro \u201cTordos\u201d en el Centro Cultural Abelardo Castillo"},"content":{"rendered":"<!-- VideographyWP Plugin Message: Automatic video embedding prevented by plugin options. -->\n\n<p>Desde la Direcci\u00f3n de Cultura de la Municipalidad de San Pedro compartimos la siguiente invitaci\u00f3n a la presentaci\u00f3n del libro \u00abTordos\u00bb de la escritora Emilce Acu\u00f1a en el Centro Cultural Abelardo Castillo el pr\u00f3ximo 15 de abril a las 20:00 hs.<\/p>\n\n\n\n<p>El evento contar\u00e1 con la participaci\u00f3n de Luciana Baca, quien acompa\u00f1ar\u00e1 a Emilce Acu\u00f1a en una charla sobre su obra. Adem\u00e1s, el m\u00fasico Alejandro Grimoldi musicalizar\u00e1 el momento, creando un ambiente \u00fanico durante la presentaci\u00f3n.<\/p>\n\n\n\n<p>Desde el gobierno municipal se acompa\u00f1a la actividad cediendo las instalaciones del Centro Cultural Abelardo Castillo para este evento cultural, que busca acercar a la comunidad a la literatura y fomentar el amor por los libros.<\/p>\n\n\n\n<p>Adem\u00e1s, habr\u00e1 un sorteo de ejemplares de la novela, lo que brinda una oportunidad a los asistentes para llevarse un recuerdo de esta experiencia.<\/p>\n","protected":false},"excerpt":{"rendered":"<p>Desde la Direcci\u00f3n de Cultura de la Municipalidad de San Pedro compartimos la siguiente invitaci\u00f3n a la presentaci\u00f3n del libro \u00abTordos\u00bb de la escritora Emilce Acu\u00f1a en el Centro Cultural Abelardo Castillo el pr\u00f3ximo 15 de abril a las 20:00 hs. El evento contar\u00e1 con la participaci\u00f3n de Luciana Baca, quien acompa\u00f1ar\u00e1 a Emilce Acu\u00f1a [&hellip;]<\/p>\n","protected":false},"author":4,"featured_media":116782,"comment_status":"closed","ping_status":"closed","sticky":false,"template":"","format":"standard","meta":{"om_disable_all_campaigns":false,"_jetpack_memberships_contains_paid_content":false,"footnotes":""},"categories":[50,101,2],"tags":[197,696,33,19],"class_list":["post-116781","post","type-post","status-publish","format-standard","has-post-thumbnail","hentry","category-destacadas","category-interes-general-locales","category-locales","tag-buenos-aires","tag-interes-general","tag-locales","tag-san-pedro"],"aioseo_notices":[],"gutentor_comment":0,"jetpack_featured_media_url":"https:\/\/eldiariodesanpedro.com.ar\/sitio\/wp-content\/uploads\/2023\/04\/centro_cultural_sp_1.jpg","jetpack_shortlink":"https:\/\/wp.me\/p6RhLt-unz","jetpack_sharing_enabled":true,"_links":{"self":[{"href":"https:\/\/eldiariodesanpedro.com.ar\/sitio\/wp-json\/wp\/v2\/posts\/116781","targetHints":{"allow":["GET"]}}],"collection":[{"href":"https:\/\/eldiariodesanpedro.com.ar\/sitio\/wp-json\/wp\/v2\/posts"}],"about":[{"href":"https:\/\/eldiariodesanpedro.com.ar\/sitio\/wp-json\/wp\/v2\/types\/post"}],"author":[{"embeddable":true,"href":"https:\/\/eldiariodesanpedro.com.ar\/sitio\/wp-json\/wp\/v2\/users\/4"}],"replies":[{"embeddable":true,"href":"https:\/\/eldiariodesanpedro.com.ar\/sitio\/wp-json\/wp\/v2\/comments?post=116781"}],"version-history":[{"count":1,"href":"https:\/\/eldiariodesanpedro.com.ar\/sitio\/wp-json\/wp\/v2\/posts\/116781\/revisions"}],"predecessor-version":[{"id":116783,"href":"https:\/\/eldiariodesanpedro.com.ar\/sitio\/wp-json\/wp\/v2\/posts\/116781\/revisions\/116783"}],"wp:featuredmedia":[{"embeddable":true,"href":"https:\/\/eldiariodesanpedro.com.ar\/sitio\/wp-json\/wp\/v2\/media\/116782"}],"wp:attachment":[{"href":"https:\/\/eldiariodesanpedro.com.ar\/sitio\/wp-json\/wp\/v2\/media?parent=116781"}],"wp:term":[{"taxonomy":"category","embeddable":true,"href":"https:\/\/eldiariodesanpedro.com.ar\/sitio\/wp-json\/wp\/v2\/categories?post=116781"},{"taxonomy":"post_tag","embeddable":true,"href":"https:\/\/eldiariodesanpedro.com.ar\/sitio\/wp-json\/wp\/v2\/tags?post=116781"}],"curies":[{"name":"wp","href":"https:\/\/api.w.org\/{rel}","templated":true}]}}