{"id":116778,"date":"2023-04-10T17:51:39","date_gmt":"2023-04-10T20:51:39","guid":{"rendered":"https:\/\/eldiariodesanpedro.com.ar\/sitio\/?p=116778"},"modified":"2023-04-10T17:51:42","modified_gmt":"2023-04-10T20:51:42","slug":"se-registro-un-accidente-de-transito-en-la-1001-y-ex-ruta-9-donde-una-joven-resulto-herido","status":"publish","type":"post","link":"https:\/\/eldiariodesanpedro.com.ar\/sitio\/se-registro-un-accidente-de-transito-en-la-1001-y-ex-ruta-9-donde-una-joven-resulto-herido\/","title":{"rendered":"Se registro un accidente de transito en la 1001 y ex ruta 9 donde una joven resulto herido"},"content":{"rendered":"<!-- VideographyWP Plugin Message: Automatic video embedding prevented by plugin options. -->\n\n<p>Este lunes por la ma\u00f1ana alrededor de las 9 hs, un accidente se produjo en la intersecci\u00f3n de la Ruta 1001 y la ex Ruta 9, en el ingreso a la vecina localidad de R\u00edo Tala. Seg\u00fan informaron testigos presenciales, una camioneta Saveiro que se dirig\u00eda hacia San Pedro por la Ruta 1001 choc\u00f3 contra una motocicleta 125 cc que se dirig\u00eda hacia una gomer\u00eda de la zona.<\/p>\n\n\n\n<p>A ra\u00edz del impacto, el conductor de la motocicleta cay\u00f3 a la cinta asf\u00e1ltica y qued\u00f3 tendido en el lugar donde los vecinos de la zona colaboraron con la circulaci\u00f3n de los autom\u00f3viles hasta la llegada de la Ambulancia. <\/p>\n\n\n\n<p>El motociclista, que estaba consciente en el momento del accidente, fue trasladado al Hospital local para recibir tratamiento m\u00e9dico. Seg\u00fan se inform\u00f3, el joven presentaba heridas leves en el rostro y miembros inferiores, las cuales fueron atendidas en el nosocomio.<\/p>\n\n\n\n<p>La Polic\u00eda local acudi\u00f3 al lugar del accidente para realizar las investigaciones correspondientes y determinar las causas del mismo. <\/p>\n","protected":false},"excerpt":{"rendered":"<p>Este lunes por la ma\u00f1ana alrededor de las 9 hs, un accidente se produjo en la intersecci\u00f3n de la Ruta 1001 y la ex Ruta 9, en el ingreso a la vecina localidad de R\u00edo Tala. Seg\u00fan informaron testigos presenciales, una camioneta Saveiro que se dirig\u00eda hacia San Pedro por la Ruta 1001 choc\u00f3 contra [&hellip;]<\/p>\n","protected":false},"author":4,"featured_media":116779,"comment_status":"closed","ping_status":"closed","sticky":false,"template":"","format":"standard","meta":{"om_disable_all_campaigns":false,"_jetpack_memberships_contains_paid_content":false,"footnotes":""},"categories":[50,2,103],"tags":[197,696,33,19],"class_list":["post-116778","post","type-post","status-publish","format-standard","has-post-thumbnail","hentry","category-destacadas","category-locales","category-policiales-locales","tag-buenos-aires","tag-interes-general","tag-locales","tag-san-pedro"],"aioseo_notices":[],"gutentor_comment":0,"jetpack_featured_media_url":"https:\/\/eldiariodesanpedro.com.ar\/sitio\/wp-content\/uploads\/2023\/04\/WhatsApp-Image-2023-04-10-at-12.00.35.jpeg","jetpack_shortlink":"https:\/\/wp.me\/p6RhLt-unw","jetpack_sharing_enabled":true,"_links":{"self":[{"href":"https:\/\/eldiariodesanpedro.com.ar\/sitio\/wp-json\/wp\/v2\/posts\/116778","targetHints":{"allow":["GET"]}}],"collection":[{"href":"https:\/\/eldiariodesanpedro.com.ar\/sitio\/wp-json\/wp\/v2\/posts"}],"about":[{"href":"https:\/\/eldiariodesanpedro.com.ar\/sitio\/wp-json\/wp\/v2\/types\/post"}],"author":[{"embeddable":true,"href":"https:\/\/eldiariodesanpedro.com.ar\/sitio\/wp-json\/wp\/v2\/users\/4"}],"replies":[{"embeddable":true,"href":"https:\/\/eldiariodesanpedro.com.ar\/sitio\/wp-json\/wp\/v2\/comments?post=116778"}],"version-history":[{"count":1,"href":"https:\/\/eldiariodesanpedro.com.ar\/sitio\/wp-json\/wp\/v2\/posts\/116778\/revisions"}],"predecessor-version":[{"id":116780,"href":"https:\/\/eldiariodesanpedro.com.ar\/sitio\/wp-json\/wp\/v2\/posts\/116778\/revisions\/116780"}],"wp:featuredmedia":[{"embeddable":true,"href":"https:\/\/eldiariodesanpedro.com.ar\/sitio\/wp-json\/wp\/v2\/media\/116779"}],"wp:attachment":[{"href":"https:\/\/eldiariodesanpedro.com.ar\/sitio\/wp-json\/wp\/v2\/media?parent=116778"}],"wp:term":[{"taxonomy":"category","embeddable":true,"href":"https:\/\/eldiariodesanpedro.com.ar\/sitio\/wp-json\/wp\/v2\/categories?post=116778"},{"taxonomy":"post_tag","embeddable":true,"href":"https:\/\/eldiariodesanpedro.com.ar\/sitio\/wp-json\/wp\/v2\/tags?post=116778"}],"curies":[{"name":"wp","href":"https:\/\/api.w.org\/{rel}","templated":true}]}}