{"id":116772,"date":"2023-04-10T10:44:17","date_gmt":"2023-04-10T13:44:17","guid":{"rendered":"https:\/\/eldiariodesanpedro.com.ar\/sitio\/?p=116772"},"modified":"2023-04-10T10:44:18","modified_gmt":"2023-04-10T13:44:18","slug":"un-fin-de-semana-exitoso-con-el-95-de-la-ocupacion-hotelera","status":"publish","type":"post","link":"https:\/\/eldiariodesanpedro.com.ar\/sitio\/un-fin-de-semana-exitoso-con-el-95-de-la-ocupacion-hotelera\/","title":{"rendered":"Un fin de semana exitoso con el 95% de la ocupaci\u00f3n hotelera"},"content":{"rendered":"<!-- VideographyWP Plugin Message: Automatic video embedding prevented by plugin options. -->\n\n<p>San Pedro volvi\u00f3 a estar entre los destinos m\u00e1s elegidos por los turistas para el fin de semana largo de Semana Santa y seg\u00fan los registros preliminares de alojamientos oficiales habilitados la ocupaci\u00f3n fue casi total con un promedio del 95%.<\/p>\n\n\n\n<p>Como sucede habitualmente en estas fechas, se registr\u00f3 un intenso movimiento de visitantes por una jornada que se reflej\u00f3 en los espacios p\u00fablicos, restaurantes y cafeter\u00edas.<\/p>\n\n\n\n<p>Los espacios habilitados para camping tambi\u00e9n tuvieron una gran demanda generando un movimiento econ\u00f3mico sumamente importante para todos los sectores relacionados directa e indirectamente con el turismo. Desde la Secretar\u00eda de Turismo y Cultura, se ofrecieron visitas guiadas por el casco hist\u00f3rico y se registr\u00f3 una muy buena concurrencia en todos los museos.<\/p>\n\n\n\n<p>La propuesta cultural y de entretenimiento se concentr\u00f3 en las ferias ubicadas en el Paseo P\u00fablico, la Plaza Belgrano y la Plaza Constituci\u00f3n, frente a la cual tambi\u00e9n se concret\u00f3 una nueva edici\u00f3n de Mercados Bonaerenses durante la ma\u00f1ana y la tarde del s\u00e1bado.<\/p>\n\n\n\n<p>El musical Jes\u00fas de Nazaret sobre la Avenida Costanera reuni\u00f3 a sampedrinos y turistas con una nueva presentaci\u00f3n de la obra dirigida por Daniel Corti y con casi un centenar de personas involucradas en la actuaci\u00f3n y la producci\u00f3n.<\/p>\n\n\n\n<p>Las actividades lit\u00fargicas de las Parroquias de San Pedro y las propuestas al aire libre de los circuitos de bares del centro tambi\u00e9n reunieron a residentes y visitantes cerrando otro fin de semana estrat\u00e9gico para la econom\u00eda de todo el Partido de San Pedro.<\/p>\n","protected":false},"excerpt":{"rendered":"<p>San Pedro volvi\u00f3 a estar entre los destinos m\u00e1s elegidos por los turistas para el fin de semana largo de Semana Santa y seg\u00fan los registros preliminares de alojamientos oficiales habilitados la ocupaci\u00f3n fue casi total con un promedio del 95%. Como sucede habitualmente en estas fechas, se registr\u00f3 un intenso movimiento de visitantes por [&hellip;]<\/p>\n","protected":false},"author":4,"featured_media":116773,"comment_status":"closed","ping_status":"closed","sticky":false,"template":"","format":"standard","meta":{"om_disable_all_campaigns":false,"_jetpack_memberships_contains_paid_content":false,"footnotes":""},"categories":[50,101,2],"tags":[197,696,33,19,3503],"class_list":["post-116772","post","type-post","status-publish","format-standard","has-post-thumbnail","hentry","category-destacadas","category-interes-general-locales","category-locales","tag-buenos-aires","tag-interes-general","tag-locales","tag-san-pedro","tag-un-fin-de-semana-exitoso-con-el-95-de-la-ocupacion-hotelera"],"aioseo_notices":[],"gutentor_comment":0,"jetpack_featured_media_url":"https:\/\/eldiariodesanpedro.com.ar\/sitio\/wp-content\/uploads\/2023\/04\/DSC_0014.jpg","jetpack_shortlink":"https:\/\/wp.me\/p6RhLt-unq","jetpack_sharing_enabled":true,"_links":{"self":[{"href":"https:\/\/eldiariodesanpedro.com.ar\/sitio\/wp-json\/wp\/v2\/posts\/116772","targetHints":{"allow":["GET"]}}],"collection":[{"href":"https:\/\/eldiariodesanpedro.com.ar\/sitio\/wp-json\/wp\/v2\/posts"}],"about":[{"href":"https:\/\/eldiariodesanpedro.com.ar\/sitio\/wp-json\/wp\/v2\/types\/post"}],"author":[{"embeddable":true,"href":"https:\/\/eldiariodesanpedro.com.ar\/sitio\/wp-json\/wp\/v2\/users\/4"}],"replies":[{"embeddable":true,"href":"https:\/\/eldiariodesanpedro.com.ar\/sitio\/wp-json\/wp\/v2\/comments?post=116772"}],"version-history":[{"count":1,"href":"https:\/\/eldiariodesanpedro.com.ar\/sitio\/wp-json\/wp\/v2\/posts\/116772\/revisions"}],"predecessor-version":[{"id":116774,"href":"https:\/\/eldiariodesanpedro.com.ar\/sitio\/wp-json\/wp\/v2\/posts\/116772\/revisions\/116774"}],"wp:featuredmedia":[{"embeddable":true,"href":"https:\/\/eldiariodesanpedro.com.ar\/sitio\/wp-json\/wp\/v2\/media\/116773"}],"wp:attachment":[{"href":"https:\/\/eldiariodesanpedro.com.ar\/sitio\/wp-json\/wp\/v2\/media?parent=116772"}],"wp:term":[{"taxonomy":"category","embeddable":true,"href":"https:\/\/eldiariodesanpedro.com.ar\/sitio\/wp-json\/wp\/v2\/categories?post=116772"},{"taxonomy":"post_tag","embeddable":true,"href":"https:\/\/eldiariodesanpedro.com.ar\/sitio\/wp-json\/wp\/v2\/tags?post=116772"}],"curies":[{"name":"wp","href":"https:\/\/api.w.org\/{rel}","templated":true}]}}