{"id":116770,"date":"2023-04-10T10:32:36","date_gmt":"2023-04-10T13:32:36","guid":{"rendered":"https:\/\/eldiariodesanpedro.com.ar\/sitio\/?p=116770"},"modified":"2023-04-10T10:32:38","modified_gmt":"2023-04-10T13:32:38","slug":"continua-el-plan-de-facilidades-para-regularizar-las-tasas-municipales","status":"publish","type":"post","link":"https:\/\/eldiariodesanpedro.com.ar\/sitio\/continua-el-plan-de-facilidades-para-regularizar-las-tasas-municipales\/","title":{"rendered":"Contin\u00faa el Plan de Facilidades para regularizar las tasas municipales"},"content":{"rendered":"<!-- VideographyWP Plugin Message: Automatic video embedding prevented by plugin options. -->\n\n<p>La Municipalidad de San Pedro ha anunciado que se ha extendido el Plan de Facilidades para regularizar las tasas de servicios p\u00fablicos. El plan incluye las tasas de Alumbrado, Barrido y Limpieza, Servicios Sanitarios, Red Vial, Seguridad e Higiene y Publicidad y Propaganda.<\/p>\n\n\n\n<p>La pr\u00f3rroga permitir\u00e1 a los contribuyentes obtener una quita del 90% de intereses por pagos al contado o financiamiento en hasta 24 cuotas. Este es un gran incentivo para aquellos que buscan ponerse al d\u00eda con sus pagos de servicios p\u00fablicos.<\/p>\n\n\n\n<p>Para aquellos que deseen obtener m\u00e1s informaci\u00f3n sobre el Plan de Facilidades, pueden acercarse a la Direcci\u00f3n de Rentas ubicada en Pellegrini 150, de lunes a viernes de 7 a 14. Tambi\u00e9n pueden visitar la p\u00e1gina web de la Municipalidad en <a href=\"http:\/\/www.sanpedro.gob.ar\/\">www.sanpedro.gob.ar<\/a>.<\/p>\n\n\n\n<p>Adem\u00e1s, la Direcci\u00f3n de Rentas estar\u00e1 presente en las Delegaciones Municipales de Santa Luc\u00eda (13 y 14 de abril), Gobernador Castro (20 y 21 de abril) y R\u00edo Tala (28 de abril) para ofrecer atenci\u00f3n personalizada.<\/p>\n\n\n\n<p>Esta es una gran oportunidad para los ciudadanos de San Pedro que desean regularizar sus pagos de servicios p\u00fablicos. Se recomienda que aquellos que est\u00e9n interesados en aprovechar este Plan de Facilidades se comuniquen con la Direcci\u00f3n de Rentas para obtener m\u00e1s informaci\u00f3n y comenzar el proceso de regularizaci\u00f3n de sus pagos.<\/p>\n","protected":false},"excerpt":{"rendered":"<p>La Municipalidad de San Pedro ha anunciado que se ha extendido el Plan de Facilidades para regularizar las tasas de servicios p\u00fablicos. El plan incluye las tasas de Alumbrado, Barrido y Limpieza, Servicios Sanitarios, Red Vial, Seguridad e Higiene y Publicidad y Propaganda. La pr\u00f3rroga permitir\u00e1 a los contribuyentes obtener una quita del 90% de [&hellip;]<\/p>\n","protected":false},"author":4,"featured_media":3907,"comment_status":"closed","ping_status":"closed","sticky":false,"template":"","format":"standard","meta":{"om_disable_all_campaigns":false,"_jetpack_memberships_contains_paid_content":false,"footnotes":""},"categories":[50,101,2],"tags":[197,3502,696,33,19],"class_list":["post-116770","post","type-post","status-publish","format-standard","has-post-thumbnail","hentry","category-destacadas","category-interes-general-locales","category-locales","tag-buenos-aires","tag-continua-el-plan-de-facilidades-para-regularizar-las-tasas-municipales","tag-interes-general","tag-locales","tag-san-pedro"],"aioseo_notices":[],"gutentor_comment":0,"jetpack_featured_media_url":"https:\/\/eldiariodesanpedro.com.ar\/sitio\/wp-content\/uploads\/2016\/05\/rentas.jpg","jetpack_shortlink":"https:\/\/wp.me\/p6RhLt-uno","jetpack_sharing_enabled":true,"_links":{"self":[{"href":"https:\/\/eldiariodesanpedro.com.ar\/sitio\/wp-json\/wp\/v2\/posts\/116770","targetHints":{"allow":["GET"]}}],"collection":[{"href":"https:\/\/eldiariodesanpedro.com.ar\/sitio\/wp-json\/wp\/v2\/posts"}],"about":[{"href":"https:\/\/eldiariodesanpedro.com.ar\/sitio\/wp-json\/wp\/v2\/types\/post"}],"author":[{"embeddable":true,"href":"https:\/\/eldiariodesanpedro.com.ar\/sitio\/wp-json\/wp\/v2\/users\/4"}],"replies":[{"embeddable":true,"href":"https:\/\/eldiariodesanpedro.com.ar\/sitio\/wp-json\/wp\/v2\/comments?post=116770"}],"version-history":[{"count":1,"href":"https:\/\/eldiariodesanpedro.com.ar\/sitio\/wp-json\/wp\/v2\/posts\/116770\/revisions"}],"predecessor-version":[{"id":116771,"href":"https:\/\/eldiariodesanpedro.com.ar\/sitio\/wp-json\/wp\/v2\/posts\/116770\/revisions\/116771"}],"wp:featuredmedia":[{"embeddable":true,"href":"https:\/\/eldiariodesanpedro.com.ar\/sitio\/wp-json\/wp\/v2\/media\/3907"}],"wp:attachment":[{"href":"https:\/\/eldiariodesanpedro.com.ar\/sitio\/wp-json\/wp\/v2\/media?parent=116770"}],"wp:term":[{"taxonomy":"category","embeddable":true,"href":"https:\/\/eldiariodesanpedro.com.ar\/sitio\/wp-json\/wp\/v2\/categories?post=116770"},{"taxonomy":"post_tag","embeddable":true,"href":"https:\/\/eldiariodesanpedro.com.ar\/sitio\/wp-json\/wp\/v2\/tags?post=116770"}],"curies":[{"name":"wp","href":"https:\/\/api.w.org\/{rel}","templated":true}]}}