{"id":116756,"date":"2023-04-10T09:51:06","date_gmt":"2023-04-10T12:51:06","guid":{"rendered":"https:\/\/eldiariodesanpedro.com.ar\/sitio\/?p=116756"},"modified":"2023-04-10T09:55:57","modified_gmt":"2023-04-10T12:55:57","slug":"el-museo-paleontologico-de-san-pedro-cumple-20-anos-de-vida","status":"publish","type":"post","link":"https:\/\/eldiariodesanpedro.com.ar\/sitio\/el-museo-paleontologico-de-san-pedro-cumple-20-anos-de-vida\/","title":{"rendered":"El Museo Paleontol\u00f3gico de San Pedro cumple 20 a\u00f1os de vida"},"content":{"rendered":"<!-- VideographyWP Plugin Message: Automatic video embedding prevented by plugin options. -->\n\n<p><strong>El acto por el vig\u00e9simo aniversario ser\u00e1 el S\u00c1BADO 15 de ABRIL. Se presentar\u00e1 una escultura de hierro, a escala real, del perezoso terrestre m\u00e1s grande que habit\u00f3 la prehistoria de la zona.<\/strong><\/p>\n\n\n\n<p>Una instituci\u00f3n es el \u00e1mbito donde integrantes de una sociedad trabajan por un objetivo com\u00fan y el Museo Paleontol\u00f3gico de San Pedro es un ejemplo de ello.<\/p>\n\n\n\n<p>Su grupo humano se ayuda mutuamente para lograr avanzar en el tema que los ocupa:&nbsp;<strong>descubrir, preservar y difundir&nbsp;<\/strong>el patrimonio paleontol\u00f3gico del partido de San Pedro. &nbsp;<\/p>\n\n\n\n<p>No es f\u00e1cil llegar a fundar un lugar as\u00ed y menos a\u00fan, hacerlo perdurar en el tiempo.<\/p>\n\n\n\n<p>Este jueves 13 de abril se cumplen&nbsp;<strong>20 a\u00f1os<\/strong>&nbsp;del museo, una de las instituciones m\u00e1s reconocidas de la ciudad. Una casa que ha logrado ganarse el coraz\u00f3n de todos los sampedrinos; la admiraci\u00f3n de quienes diariamente visitan nuestra ciudad y el respeto de hombres y mujeres de ciencia.<\/p>\n\n\n\n<p>Esta aventura empez\u00f3 hace 20 a\u00f1os en una casa herrumbrada, abandonada, triste.<\/p>\n\n\n\n<p>Hoy, 20 a\u00f1os despu\u00e9s, esa casa se abre a diario para mostrar el tesoro que cobijan sus salas.<\/p>\n\n\n\n<p>Recibe investigadores, comunicadores, turistas, alumnos de todos los niveles y sampedrinos en general.<\/p>\n\n\n\n<p>El acto oficial para celebrar las dos d\u00e9cadas de la instituci\u00f3n se realizar\u00e1 el d\u00eda&nbsp;<strong>S\u00c1BADO 15 DE ABRIL, A LAS 19.00 HS<\/strong>., en las puertas del Museo.<\/p>\n\n\n\n<p>En ese marco se presentar\u00e1 la escultura del \u201c<strong>GIGANTE DE HIERRO<\/strong>\u201d, una obra a escala real de un&nbsp;<strong>megaterio<\/strong>, el perezoso f\u00f3sil m\u00e1s grande que camin\u00f3 en la prehistoria de nuestra regi\u00f3n.<\/p>\n\n\n\n<p>La escultura mide 4,30 metros de altura; 2,80 metros de ancho y 6,50 metros de largo, convirti\u00e9ndose en una de las m\u00e1s grandes de la zona, realizadas en metal.<\/p>\n\n\n\n<p>Se&nbsp;<strong>entregar\u00e1n certificados<\/strong>&nbsp;a las familias y empresas que colaboraron con materiales para la construcci\u00f3n del nuevo atractivo; se&nbsp;<strong>sortear\u00e1<\/strong>&nbsp;entre el p\u00fablico asistente una copia a escala reducida del megaterio; se colocar\u00e1n&nbsp;<strong>placas<\/strong>&nbsp;alusivas de diferentes organismos y un&nbsp;<strong>video<\/strong>&nbsp;repasar\u00e1 los 20 a\u00f1os de trabajo del Museo.<\/p>\n\n\n\n<p>El&nbsp;<strong>Grupo Conservacionista de F\u00f3siles<\/strong>, equipo creador del Museo Paleontol\u00f3gico,&nbsp;<strong>invita<\/strong>&nbsp;a toda la comunidad a participar del aniversario del museo, en las puertas del caser\u00f3n de Pellegrini 145.<\/p>\n","protected":false},"excerpt":{"rendered":"<p>El acto por el vig\u00e9simo aniversario ser\u00e1 el S\u00c1BADO 15 de ABRIL. Se presentar\u00e1 una escultura de hierro, a escala real, del perezoso terrestre m\u00e1s grande que habit\u00f3 la prehistoria de la zona. Una instituci\u00f3n es el \u00e1mbito donde integrantes de una sociedad trabajan por un objetivo com\u00fan y el Museo Paleontol\u00f3gico de San Pedro [&hellip;]<\/p>\n","protected":false},"author":4,"featured_media":116758,"comment_status":"closed","ping_status":"closed","sticky":false,"template":"","format":"standard","meta":{"om_disable_all_campaigns":false,"_jetpack_memberships_contains_paid_content":false,"footnotes":""},"categories":[50,101,2],"tags":[197,3499,696,33,19],"class_list":["post-116756","post","type-post","status-publish","format-standard","has-post-thumbnail","hentry","category-destacadas","category-interes-general-locales","category-locales","tag-buenos-aires","tag-el-museo-paleontologico-de-san-pedro-cumple-20-anos-de-vida","tag-interes-general","tag-locales","tag-san-pedro"],"aioseo_notices":[],"gutentor_comment":0,"jetpack_featured_media_url":"https:\/\/eldiariodesanpedro.com.ar\/sitio\/wp-content\/uploads\/2023\/04\/medida-9.jpg","jetpack_shortlink":"https:\/\/wp.me\/p6RhLt-una","jetpack_sharing_enabled":true,"_links":{"self":[{"href":"https:\/\/eldiariodesanpedro.com.ar\/sitio\/wp-json\/wp\/v2\/posts\/116756","targetHints":{"allow":["GET"]}}],"collection":[{"href":"https:\/\/eldiariodesanpedro.com.ar\/sitio\/wp-json\/wp\/v2\/posts"}],"about":[{"href":"https:\/\/eldiariodesanpedro.com.ar\/sitio\/wp-json\/wp\/v2\/types\/post"}],"author":[{"embeddable":true,"href":"https:\/\/eldiariodesanpedro.com.ar\/sitio\/wp-json\/wp\/v2\/users\/4"}],"replies":[{"embeddable":true,"href":"https:\/\/eldiariodesanpedro.com.ar\/sitio\/wp-json\/wp\/v2\/comments?post=116756"}],"version-history":[{"count":1,"href":"https:\/\/eldiariodesanpedro.com.ar\/sitio\/wp-json\/wp\/v2\/posts\/116756\/revisions"}],"predecessor-version":[{"id":116757,"href":"https:\/\/eldiariodesanpedro.com.ar\/sitio\/wp-json\/wp\/v2\/posts\/116756\/revisions\/116757"}],"wp:featuredmedia":[{"embeddable":true,"href":"https:\/\/eldiariodesanpedro.com.ar\/sitio\/wp-json\/wp\/v2\/media\/116758"}],"wp:attachment":[{"href":"https:\/\/eldiariodesanpedro.com.ar\/sitio\/wp-json\/wp\/v2\/media?parent=116756"}],"wp:term":[{"taxonomy":"category","embeddable":true,"href":"https:\/\/eldiariodesanpedro.com.ar\/sitio\/wp-json\/wp\/v2\/categories?post=116756"},{"taxonomy":"post_tag","embeddable":true,"href":"https:\/\/eldiariodesanpedro.com.ar\/sitio\/wp-json\/wp\/v2\/tags?post=116756"}],"curies":[{"name":"wp","href":"https:\/\/api.w.org\/{rel}","templated":true}]}}