{"id":116750,"date":"2023-04-09T23:31:05","date_gmt":"2023-04-10T02:31:05","guid":{"rendered":"https:\/\/eldiariodesanpedro.com.ar\/sitio\/?p=116750"},"modified":"2023-04-09T23:31:07","modified_gmt":"2023-04-10T02:31:07","slug":"ex-comisario-dante-paolini-asumira-como-secretario-de-seguridad-de-san-pedro-manana","status":"publish","type":"post","link":"https:\/\/eldiariodesanpedro.com.ar\/sitio\/ex-comisario-dante-paolini-asumira-como-secretario-de-seguridad-de-san-pedro-manana\/","title":{"rendered":"Ex comisario Dante Paolini asumir\u00e1 como Secretario de Seguridad de San Pedro ma\u00f1ana"},"content":{"rendered":"<!-- VideographyWP Plugin Message: Automatic video embedding prevented by plugin options. -->\n\n<p>Dante Paolini, ex comisario de San Pedro, asumir\u00e1 como Secretario de Seguridad de la Municipalidad a partir del pr\u00f3ximo lunes, seg\u00fan lo anunciado en la emisi\u00f3n de FM G\u00e9nesis y San Pedro Informa. Paolini reemplazar\u00e1 a Juan Carlos Ag\u00fcero, quien se incorporar\u00e1 al equipo de Desarrollo Humano del Intendente Salazar.<\/p>\n\n\n\n<p>En una entrevista radial, Paolini expres\u00f3 que sus objetivos como Secretario de Seguridad son revisar el funcionamiento del tr\u00e1nsito y las estad\u00edsticas policiales, trabajar en el terreno y proponer mejoras. Adem\u00e1s, asegur\u00f3 que su enfoque ser\u00e1 consensuar un buen trabajo en lugar de se\u00f1alar culpables y que buscar\u00e1 hablar con hechos y no s\u00f3lo con palabras.<\/p>\n\n\n\n<p>Paolini destac\u00f3 que hay mucho por hacer y por controlar en materia de seguridad, y que es necesario cambiar la perspectiva que se tiene sobre el tema. Su nombramiento se produce en un momento cr\u00edtico para la seguridad p\u00fablica, en el que se espera que su experiencia y liderazgo contribuyan a mejorar la situaci\u00f3n en el municipio.<\/p>\n","protected":false},"excerpt":{"rendered":"<p>Dante Paolini, ex comisario de San Pedro, asumir\u00e1 como Secretario de Seguridad de la Municipalidad a partir del pr\u00f3ximo lunes, seg\u00fan lo anunciado en la emisi\u00f3n de FM G\u00e9nesis y San Pedro Informa. Paolini reemplazar\u00e1 a Juan Carlos Ag\u00fcero, quien se incorporar\u00e1 al equipo de Desarrollo Humano del Intendente Salazar. En una entrevista radial, Paolini [&hellip;]<\/p>\n","protected":false},"author":4,"featured_media":116751,"comment_status":"closed","ping_status":"closed","sticky":false,"template":"","format":"standard","meta":{"om_disable_all_campaigns":false,"_jetpack_memberships_contains_paid_content":false,"footnotes":""},"categories":[50,101,2],"tags":[3498],"class_list":["post-116750","post","type-post","status-publish","format-standard","has-post-thumbnail","hentry","category-destacadas","category-interes-general-locales","category-locales","tag-ex-comisario-dante-paolini-asumira-como-secretario-de-seguridad-de-san-pedro-manana"],"aioseo_notices":[],"gutentor_comment":0,"jetpack_featured_media_url":"https:\/\/eldiariodesanpedro.com.ar\/sitio\/wp-content\/uploads\/2023\/04\/0000021758-resized-1920x1080-1.png","jetpack_shortlink":"https:\/\/wp.me\/p6RhLt-un4","jetpack_sharing_enabled":true,"_links":{"self":[{"href":"https:\/\/eldiariodesanpedro.com.ar\/sitio\/wp-json\/wp\/v2\/posts\/116750","targetHints":{"allow":["GET"]}}],"collection":[{"href":"https:\/\/eldiariodesanpedro.com.ar\/sitio\/wp-json\/wp\/v2\/posts"}],"about":[{"href":"https:\/\/eldiariodesanpedro.com.ar\/sitio\/wp-json\/wp\/v2\/types\/post"}],"author":[{"embeddable":true,"href":"https:\/\/eldiariodesanpedro.com.ar\/sitio\/wp-json\/wp\/v2\/users\/4"}],"replies":[{"embeddable":true,"href":"https:\/\/eldiariodesanpedro.com.ar\/sitio\/wp-json\/wp\/v2\/comments?post=116750"}],"version-history":[{"count":1,"href":"https:\/\/eldiariodesanpedro.com.ar\/sitio\/wp-json\/wp\/v2\/posts\/116750\/revisions"}],"predecessor-version":[{"id":116752,"href":"https:\/\/eldiariodesanpedro.com.ar\/sitio\/wp-json\/wp\/v2\/posts\/116750\/revisions\/116752"}],"wp:featuredmedia":[{"embeddable":true,"href":"https:\/\/eldiariodesanpedro.com.ar\/sitio\/wp-json\/wp\/v2\/media\/116751"}],"wp:attachment":[{"href":"https:\/\/eldiariodesanpedro.com.ar\/sitio\/wp-json\/wp\/v2\/media?parent=116750"}],"wp:term":[{"taxonomy":"category","embeddable":true,"href":"https:\/\/eldiariodesanpedro.com.ar\/sitio\/wp-json\/wp\/v2\/categories?post=116750"},{"taxonomy":"post_tag","embeddable":true,"href":"https:\/\/eldiariodesanpedro.com.ar\/sitio\/wp-json\/wp\/v2\/tags?post=116750"}],"curies":[{"name":"wp","href":"https:\/\/api.w.org\/{rel}","templated":true}]}}