{"id":116724,"date":"2023-04-07T16:02:56","date_gmt":"2023-04-07T19:02:56","guid":{"rendered":"https:\/\/eldiariodesanpedro.com.ar\/sitio\/?p=116724"},"modified":"2023-04-07T16:02:58","modified_gmt":"2023-04-07T19:02:58","slug":"se-realizara-el-encuentro-de-la-union-de-comunidades-riberenas-en-san-pedro","status":"publish","type":"post","link":"https:\/\/eldiariodesanpedro.com.ar\/sitio\/se-realizara-el-encuentro-de-la-union-de-comunidades-riberenas-en-san-pedro\/","title":{"rendered":"Se realizara el Encuentro de la Uni\u00f3n de Comunidades Ribere\u00f1as en San Pedro"},"content":{"rendered":"<!-- VideographyWP Plugin Message: Automatic video embedding prevented by plugin options. -->\n\n<p>San Pedro ser\u00e1 la sede del 21\u00ba encuentro de la Uni\u00f3n de Asambleas de Comunidades de habitantes cercanos al r\u00edo Paran\u00e1 y el r\u00edo Uruguay. El lugar elegido ser\u00e1 el Espacio Cultural \u00abEl Viejo Astillero\u00bb, ubicado en el barrio Canaletas, conocido por su gran labor cultural y generosidad en la comunidad.<\/p>\n\n\n\n<p>El encuentro, que dar\u00e1 continuidad al realizado en Gualeguaych\u00fa en 2022, se centrar\u00e1 en la defensa de los ecosistemas de humedales y la producci\u00f3n agroecol\u00f3gica, en contra de la agricultura con agrot\u00f3xicos y transg\u00e9nica. El tema central de este a\u00f1o ser\u00e1 \u00abEl agua en movimiento, la importancia de su ciclo vital y c\u00f3mo nos vinculamos con ella\u00bb.<\/p>\n\n\n\n<p>La UAC es un espacio de intercambio, discusi\u00f3n y acci\u00f3n de vecinxs y grupos aut\u00f3nomos no partidarios ni vinculados al aparato estatal. Para participar en el encuentro, no hay l\u00edmite de edad, y habr\u00e1 una actividad especial para infancias y j\u00f3venes.<\/p>\n\n\n\n<p>El evento se llevar\u00e1 a cabo en dos jornadas, el s\u00e1bado 15 y domingo 16 de abril. El s\u00e1bado se realizar\u00e1n talleres desde las 9 de la ma\u00f1ana hasta las 7 de la noche, con un corte para almorzar, y en la tarde habr\u00e1 un espacio para infancias y juventudes de 3.30 a 6 de la tarde. El domingo los talleres ser\u00e1n de 9 de la ma\u00f1ana a 4 de la tarde, con un corte para almorzar, y se finalizar\u00e1 con una puesta en com\u00fan al final del encuentro.<\/p>\n\n\n\n<p>Las organizaciones, asambleas o personas que individualmente vienen trabajando en la tem\u00e1tica socioambiental en la regi\u00f3n, interesadas en participar, pueden inscribirse a trav\u00e9s del siguiente link: <a href=\"https:\/\/forms.gle\/7Y1sR8gSZdC9ikdYA\">https:\/\/forms.gle\/7Y1sR8gSZdC9ikdYA<\/a>. Tambi\u00e9n pueden contactarse al 1162109839 para obtener m\u00e1s informaci\u00f3n.<\/p>\n\n\n\n<p>Las redes sociales de la UAC son @uaclitoral y @prensauac, mientras que las de Conciencia Ecol\u00f3gica son Fb Ig @concienciaecologica.ar. Para m\u00e1s informaci\u00f3n, tambi\u00e9n pueden visitar los sitios web <a href=\"https:\/\/asambleasdecomunidades.org.ar\/\">https:\/\/asambleasdecomunidades.org.ar<\/a> y <a href=\"http:\/\/uaclitoral.blogspot.com\/\">http:\/\/uaclitoral.blogspot.com<\/a>.<\/p>\n","protected":false},"excerpt":{"rendered":"<p>San Pedro ser\u00e1 la sede del 21\u00ba encuentro de la Uni\u00f3n de Asambleas de Comunidades de habitantes cercanos al r\u00edo Paran\u00e1 y el r\u00edo Uruguay. El lugar elegido ser\u00e1 el Espacio Cultural \u00abEl Viejo Astillero\u00bb, ubicado en el barrio Canaletas, conocido por su gran labor cultural y generosidad en la comunidad. El encuentro, que dar\u00e1 [&hellip;]<\/p>\n","protected":false},"author":4,"featured_media":116725,"comment_status":"closed","ping_status":"closed","sticky":false,"template":"","format":"standard","meta":{"om_disable_all_campaigns":false,"_jetpack_memberships_contains_paid_content":false,"footnotes":""},"categories":[101,2],"tags":[197,696,33,19],"class_list":["post-116724","post","type-post","status-publish","format-standard","has-post-thumbnail","hentry","category-interes-general-locales","category-locales","tag-buenos-aires","tag-interes-general","tag-locales","tag-san-pedro"],"aioseo_notices":[],"gutentor_comment":0,"jetpack_featured_media_url":"https:\/\/eldiariodesanpedro.com.ar\/sitio\/wp-content\/uploads\/2023\/04\/medida-8.jpg","jetpack_shortlink":"https:\/\/wp.me\/p6RhLt-umE","jetpack_sharing_enabled":true,"_links":{"self":[{"href":"https:\/\/eldiariodesanpedro.com.ar\/sitio\/wp-json\/wp\/v2\/posts\/116724","targetHints":{"allow":["GET"]}}],"collection":[{"href":"https:\/\/eldiariodesanpedro.com.ar\/sitio\/wp-json\/wp\/v2\/posts"}],"about":[{"href":"https:\/\/eldiariodesanpedro.com.ar\/sitio\/wp-json\/wp\/v2\/types\/post"}],"author":[{"embeddable":true,"href":"https:\/\/eldiariodesanpedro.com.ar\/sitio\/wp-json\/wp\/v2\/users\/4"}],"replies":[{"embeddable":true,"href":"https:\/\/eldiariodesanpedro.com.ar\/sitio\/wp-json\/wp\/v2\/comments?post=116724"}],"version-history":[{"count":1,"href":"https:\/\/eldiariodesanpedro.com.ar\/sitio\/wp-json\/wp\/v2\/posts\/116724\/revisions"}],"predecessor-version":[{"id":116726,"href":"https:\/\/eldiariodesanpedro.com.ar\/sitio\/wp-json\/wp\/v2\/posts\/116724\/revisions\/116726"}],"wp:featuredmedia":[{"embeddable":true,"href":"https:\/\/eldiariodesanpedro.com.ar\/sitio\/wp-json\/wp\/v2\/media\/116725"}],"wp:attachment":[{"href":"https:\/\/eldiariodesanpedro.com.ar\/sitio\/wp-json\/wp\/v2\/media?parent=116724"}],"wp:term":[{"taxonomy":"category","embeddable":true,"href":"https:\/\/eldiariodesanpedro.com.ar\/sitio\/wp-json\/wp\/v2\/categories?post=116724"},{"taxonomy":"post_tag","embeddable":true,"href":"https:\/\/eldiariodesanpedro.com.ar\/sitio\/wp-json\/wp\/v2\/tags?post=116724"}],"curies":[{"name":"wp","href":"https:\/\/api.w.org\/{rel}","templated":true}]}}