{"id":116722,"date":"2023-04-07T15:43:03","date_gmt":"2023-04-07T18:43:03","guid":{"rendered":"https:\/\/eldiariodesanpedro.com.ar\/sitio\/?p=116722"},"modified":"2023-04-07T15:43:05","modified_gmt":"2023-04-07T18:43:05","slug":"policia-de-san-pedro-aprehenden-a-seis-personas-por-posesion-de-drogas-para-consumo-personal","status":"publish","type":"post","link":"https:\/\/eldiariodesanpedro.com.ar\/sitio\/policia-de-san-pedro-aprehenden-a-seis-personas-por-posesion-de-drogas-para-consumo-personal\/","title":{"rendered":"Polic\u00eda de San Pedro aprehenden a seis personas por posesi\u00f3n de drogas para consumo personal"},"content":{"rendered":"<!-- VideographyWP Plugin Message: Automatic video embedding prevented by plugin options. -->\n\n<p>La polic\u00eda del distrito de San Pedro ha llevado a cabo operativos intensificados de control en la v\u00eda p\u00fablica con el objetivo de identificar y prevenir la posesi\u00f3n y consumo de drogas. En las \u00faltimas 24 horas, como resultado de estos esfuerzos, se han aprehendido a seis personas que portaban drogas en la v\u00eda p\u00fablica, en todos los casos con cantidades para consumo personal.<\/p>\n\n\n\n<p>El primer demorado tuvo lugar en Manuel Iglesias al 1100, donde un joven de 22 a\u00f1os fue interceptado con 1,1 gramos de marihuana. En Balcarce al 1400, un adolescente de 19 a\u00f1os fue cacheado y se incautaron 1,4 gramos de la misma sustancia.<\/p>\n\n\n\n<p>En Avenida Espa\u00f1a y R\u00f3mulo Naon, un hombre de 35 a\u00f1os fue detenido mientras portaba un cigarrillo semicombustionado con un peso de 0,4 gramos. Posteriormente, en Ituzaing\u00f3 y Chacabuco, los efectivos intervinientes en el operativo secuestraron 1,7 gramos de marihuana en posesi\u00f3n de un hombre de 31 a\u00f1os, y en Bottaro al 300, se incaut\u00f3 un cogollo de marihuana de 0,4 gramos de un joven de 19 a\u00f1os.<\/p>\n\n\n\n<p>El \u00faltimo operativo del d\u00eda tuvo lugar en Benefactoras Sampedrinas y Fray Cayetano Rodr\u00edguez, donde un var\u00f3n de 24 a\u00f1os fue encontrado llevando un envoltorio de nylon con 0,4 gramos de clorhidrato de coca\u00edna.<\/p>\n","protected":false},"excerpt":{"rendered":"<p>La polic\u00eda del distrito de San Pedro ha llevado a cabo operativos intensificados de control en la v\u00eda p\u00fablica con el objetivo de identificar y prevenir la posesi\u00f3n y consumo de drogas. En las \u00faltimas 24 horas, como resultado de estos esfuerzos, se han aprehendido a seis personas que portaban drogas en la v\u00eda p\u00fablica, [&hellip;]<\/p>\n","protected":false},"author":4,"featured_media":61214,"comment_status":"closed","ping_status":"closed","sticky":false,"template":"","format":"standard","meta":{"om_disable_all_campaigns":false,"_jetpack_memberships_contains_paid_content":false,"footnotes":""},"categories":[2,103],"tags":[197,33,95,19],"class_list":["post-116722","post","type-post","status-publish","format-standard","has-post-thumbnail","hentry","category-locales","category-policiales-locales","tag-buenos-aires","tag-locales","tag-policiales","tag-san-pedro"],"aioseo_notices":[],"gutentor_comment":0,"jetpack_featured_media_url":"https:\/\/eldiariodesanpedro.com.ar\/sitio\/wp-content\/uploads\/2019\/10\/patrullas-policia-noche.jpg","jetpack_shortlink":"https:\/\/wp.me\/p6RhLt-umC","jetpack_sharing_enabled":true,"_links":{"self":[{"href":"https:\/\/eldiariodesanpedro.com.ar\/sitio\/wp-json\/wp\/v2\/posts\/116722","targetHints":{"allow":["GET"]}}],"collection":[{"href":"https:\/\/eldiariodesanpedro.com.ar\/sitio\/wp-json\/wp\/v2\/posts"}],"about":[{"href":"https:\/\/eldiariodesanpedro.com.ar\/sitio\/wp-json\/wp\/v2\/types\/post"}],"author":[{"embeddable":true,"href":"https:\/\/eldiariodesanpedro.com.ar\/sitio\/wp-json\/wp\/v2\/users\/4"}],"replies":[{"embeddable":true,"href":"https:\/\/eldiariodesanpedro.com.ar\/sitio\/wp-json\/wp\/v2\/comments?post=116722"}],"version-history":[{"count":1,"href":"https:\/\/eldiariodesanpedro.com.ar\/sitio\/wp-json\/wp\/v2\/posts\/116722\/revisions"}],"predecessor-version":[{"id":116723,"href":"https:\/\/eldiariodesanpedro.com.ar\/sitio\/wp-json\/wp\/v2\/posts\/116722\/revisions\/116723"}],"wp:featuredmedia":[{"embeddable":true,"href":"https:\/\/eldiariodesanpedro.com.ar\/sitio\/wp-json\/wp\/v2\/media\/61214"}],"wp:attachment":[{"href":"https:\/\/eldiariodesanpedro.com.ar\/sitio\/wp-json\/wp\/v2\/media?parent=116722"}],"wp:term":[{"taxonomy":"category","embeddable":true,"href":"https:\/\/eldiariodesanpedro.com.ar\/sitio\/wp-json\/wp\/v2\/categories?post=116722"},{"taxonomy":"post_tag","embeddable":true,"href":"https:\/\/eldiariodesanpedro.com.ar\/sitio\/wp-json\/wp\/v2\/tags?post=116722"}],"curies":[{"name":"wp","href":"https:\/\/api.w.org\/{rel}","templated":true}]}}