{"id":116707,"date":"2023-04-06T15:07:13","date_gmt":"2023-04-06T18:07:13","guid":{"rendered":"https:\/\/eldiariodesanpedro.com.ar\/sitio\/?p=116707"},"modified":"2023-04-06T15:07:15","modified_gmt":"2023-04-06T18:07:15","slug":"avanzan-las-obras-en-escuelas-de-san-pedro-gracias-al-fondo-educativo","status":"publish","type":"post","link":"https:\/\/eldiariodesanpedro.com.ar\/sitio\/avanzan-las-obras-en-escuelas-de-san-pedro-gracias-al-fondo-educativo\/","title":{"rendered":"Avanzan las obras en escuelas de San Pedro gracias al Fondo Educativo"},"content":{"rendered":"<!-- VideographyWP Plugin Message: Automatic video embedding prevented by plugin options. -->\n\n<p>La Municipalidad de San Pedro sigue trabajando en diferentes establecimientos educativos de la ciudad con el objetivo de mejorar las condiciones de los mismos y brindar un mejor ambiente para la educaci\u00f3n de los estudiantes. A trav\u00e9s del Fondo Educativo, se han llevado adelante diversas obras en los \u00faltimos meses y durante esta semana, los trabajos avanzaron en las Escuelas 501, EP 3 y Escuela 12.<\/p>\n\n\n\n<p>En particular, se destac\u00f3 la construcci\u00f3n de un play\u00f3n deportivo de 17 por 29 metros que permitir\u00e1 a los alumnos realizar actividades deportivas y recreativas en un espacio seguro y adecuado. Esta obra se suma a otras ya realizadas en el lugar, como la construcci\u00f3n de veredas en la zona de Villa Depietri, donde se encuentran la ESS 11, la EP 4 y el Jard\u00edn Municipal 902.<\/p>\n\n\n\n<p>La inversi\u00f3n en estos establecimientos escolares tiene como objetivo mejorar las condiciones de infraestructura y equipamiento para los estudiantes y docentes, brindando as\u00ed una mejor calidad educativa. La gesti\u00f3n del Fondo Educativo por parte de la Municipalidad de San Pedro es un compromiso con la educaci\u00f3n y el futuro de los j\u00f3venes de la ciudad.<\/p>\n\n\n\n<figure class=\"wp-block-image size-full\"><img decoding=\"async\" width=\"840\" height=\"630\" data-attachment-id=\"116710\" data-permalink=\"https:\/\/eldiariodesanpedro.com.ar\/sitio\/avanzan-las-obras-en-escuelas-de-san-pedro-gracias-al-fondo-educativo\/whatsapp-image-2023-04-06-at-14-19-15\/\" data-orig-file=\"https:\/\/eldiariodesanpedro.com.ar\/sitio\/wp-content\/uploads\/2023\/04\/WhatsApp-Image-2023-04-06-at-14.19.15.jpeg\" data-orig-size=\"840,630\" data-comments-opened=\"0\" data-image-meta=\"{&quot;aperture&quot;:&quot;0&quot;,&quot;credit&quot;:&quot;&quot;,&quot;camera&quot;:&quot;&quot;,&quot;caption&quot;:&quot;&quot;,&quot;created_timestamp&quot;:&quot;0&quot;,&quot;copyright&quot;:&quot;&quot;,&quot;focal_length&quot;:&quot;0&quot;,&quot;iso&quot;:&quot;0&quot;,&quot;shutter_speed&quot;:&quot;0&quot;,&quot;title&quot;:&quot;&quot;,&quot;orientation&quot;:&quot;0&quot;}\" data-image-title=\"WhatsApp-Image-2023-04-06-at-14.19.15\" data-image-description=\"\" data-image-caption=\"\" data-large-file=\"https:\/\/eldiariodesanpedro.com.ar\/sitio\/wp-content\/uploads\/2023\/04\/WhatsApp-Image-2023-04-06-at-14.19.15.jpeg\" data-src=\"https:\/\/eldiariodesanpedro.com.ar\/sitio\/wp-content\/uploads\/2023\/04\/WhatsApp-Image-2023-04-06-at-14.19.15.jpeg\" alt=\"\" class=\"wp-image-116710 lazyload\" data-srcset=\"https:\/\/eldiariodesanpedro.com.ar\/sitio\/wp-content\/uploads\/2023\/04\/WhatsApp-Image-2023-04-06-at-14.19.15.jpeg 840w, https:\/\/eldiariodesanpedro.com.ar\/sitio\/wp-content\/uploads\/2023\/04\/WhatsApp-Image-2023-04-06-at-14.19.15-300x225.jpeg 300w, https:\/\/eldiariodesanpedro.com.ar\/sitio\/wp-content\/uploads\/2023\/04\/WhatsApp-Image-2023-04-06-at-14.19.15-768x576.jpeg 768w, https:\/\/eldiariodesanpedro.com.ar\/sitio\/wp-content\/uploads\/2023\/04\/WhatsApp-Image-2023-04-06-at-14.19.15-272x204.jpeg 272w\" data-sizes=\"(max-width: 840px) 100vw, 840px\" src=\"data:image\/svg+xml;base64,PHN2ZyB3aWR0aD0iMSIgaGVpZ2h0PSIxIiB4bWxucz0iaHR0cDovL3d3dy53My5vcmcvMjAwMC9zdmciPjwvc3ZnPg==\" style=\"--smush-placeholder-width: 840px; --smush-placeholder-aspect-ratio: 840\/630;\" \/><\/figure>\n","protected":false},"excerpt":{"rendered":"<p>La Municipalidad de San Pedro sigue trabajando en diferentes establecimientos educativos de la ciudad con el objetivo de mejorar las condiciones de los mismos y brindar un mejor ambiente para la educaci\u00f3n de los estudiantes. A trav\u00e9s del Fondo Educativo, se han llevado adelante diversas obras en los \u00faltimos meses y durante esta semana, los [&hellip;]<\/p>\n","protected":false},"author":4,"featured_media":116709,"comment_status":"closed","ping_status":"closed","sticky":false,"template":"","format":"standard","meta":{"om_disable_all_campaigns":false,"_jetpack_memberships_contains_paid_content":false,"footnotes":""},"categories":[50,101,2],"tags":[3492,197,33,19],"class_list":["post-116707","post","type-post","status-publish","format-standard","has-post-thumbnail","hentry","category-destacadas","category-interes-general-locales","category-locales","tag-avanzan-las-obras-en-escuelas-de-san-pedro-gracias-al-fondo-educativo","tag-buenos-aires","tag-locales","tag-san-pedro"],"aioseo_notices":[],"gutentor_comment":0,"jetpack_featured_media_url":"https:\/\/eldiariodesanpedro.com.ar\/sitio\/wp-content\/uploads\/2023\/04\/medida-7.jpg","jetpack_shortlink":"https:\/\/wp.me\/p6RhLt-umn","jetpack_sharing_enabled":true,"_links":{"self":[{"href":"https:\/\/eldiariodesanpedro.com.ar\/sitio\/wp-json\/wp\/v2\/posts\/116707","targetHints":{"allow":["GET"]}}],"collection":[{"href":"https:\/\/eldiariodesanpedro.com.ar\/sitio\/wp-json\/wp\/v2\/posts"}],"about":[{"href":"https:\/\/eldiariodesanpedro.com.ar\/sitio\/wp-json\/wp\/v2\/types\/post"}],"author":[{"embeddable":true,"href":"https:\/\/eldiariodesanpedro.com.ar\/sitio\/wp-json\/wp\/v2\/users\/4"}],"replies":[{"embeddable":true,"href":"https:\/\/eldiariodesanpedro.com.ar\/sitio\/wp-json\/wp\/v2\/comments?post=116707"}],"version-history":[{"count":1,"href":"https:\/\/eldiariodesanpedro.com.ar\/sitio\/wp-json\/wp\/v2\/posts\/116707\/revisions"}],"predecessor-version":[{"id":116711,"href":"https:\/\/eldiariodesanpedro.com.ar\/sitio\/wp-json\/wp\/v2\/posts\/116707\/revisions\/116711"}],"wp:featuredmedia":[{"embeddable":true,"href":"https:\/\/eldiariodesanpedro.com.ar\/sitio\/wp-json\/wp\/v2\/media\/116709"}],"wp:attachment":[{"href":"https:\/\/eldiariodesanpedro.com.ar\/sitio\/wp-json\/wp\/v2\/media?parent=116707"}],"wp:term":[{"taxonomy":"category","embeddable":true,"href":"https:\/\/eldiariodesanpedro.com.ar\/sitio\/wp-json\/wp\/v2\/categories?post=116707"},{"taxonomy":"post_tag","embeddable":true,"href":"https:\/\/eldiariodesanpedro.com.ar\/sitio\/wp-json\/wp\/v2\/tags?post=116707"}],"curies":[{"name":"wp","href":"https:\/\/api.w.org\/{rel}","templated":true}]}}