{"id":116704,"date":"2023-04-06T14:36:29","date_gmt":"2023-04-06T17:36:29","guid":{"rendered":"https:\/\/eldiariodesanpedro.com.ar\/sitio\/?p=116704"},"modified":"2023-04-06T14:36:31","modified_gmt":"2023-04-06T17:36:31","slug":"joven-denuncia-estafa-tras-contratar-viaje-por-facebook-y-no-recibir-respuesta-de-la-empresa","status":"publish","type":"post","link":"https:\/\/eldiariodesanpedro.com.ar\/sitio\/joven-denuncia-estafa-tras-contratar-viaje-por-facebook-y-no-recibir-respuesta-de-la-empresa\/","title":{"rendered":"Joven denuncia estafa tras contratar viaje por Facebook y no recibir respuesta de la empresa"},"content":{"rendered":"<!-- VideographyWP Plugin Message: Automatic video embedding prevented by plugin options. -->\n\n<p>En el d\u00eda de hoy, se dio a conocer el caso de una joven mujer de 22 a\u00f1os de edad que realiz\u00f3 una contrataci\u00f3n de viaje a trav\u00e9s de una empresa anunciada en la red social Facebook. Seg\u00fan la denuncia presentada, la empresa le ofreci\u00f3 un paquete tur\u00edstico a Brasil por un monto total de USD 290 y $67.800 pesos argentinos, los cuales fueron transferidos por la denunciante.<\/p>\n\n\n\n<p>Sin embargo, luego de realizar el pago, la mujer no recibi\u00f3 ninguna novedad sobre la confirmaci\u00f3n del viaje ni obtuvo respuesta alguna de la empresa. Preocupada por la situaci\u00f3n, decidi\u00f3 realizar la denuncia correspondiente.<\/p>\n\n\n\n<p>Ante esta situaci\u00f3n, la Unidad Fiscal de Investigaci\u00f3n N\u00ba 07 ha tomado intervenci\u00f3n en el caso para llevar a cabo las investigaciones necesarias y determinar las posibles responsabilidades. Se recuerda a la poblaci\u00f3n la importancia de extremar los cuidados al momento de realizar contrataciones por medios digitales y de realizar las debidas verificaciones antes de realizar cualquier pago o transacci\u00f3n.<\/p>\n","protected":false},"excerpt":{"rendered":"<p>En el d\u00eda de hoy, se dio a conocer el caso de una joven mujer de 22 a\u00f1os de edad que realiz\u00f3 una contrataci\u00f3n de viaje a trav\u00e9s de una empresa anunciada en la red social Facebook. Seg\u00fan la denuncia presentada, la empresa le ofreci\u00f3 un paquete tur\u00edstico a Brasil por un monto total de [&hellip;]<\/p>\n","protected":false},"author":4,"featured_media":116705,"comment_status":"closed","ping_status":"closed","sticky":false,"template":"","format":"standard","meta":{"om_disable_all_campaigns":false,"_jetpack_memberships_contains_paid_content":false,"footnotes":""},"categories":[50,2,103],"tags":[197,696,33,19],"class_list":["post-116704","post","type-post","status-publish","format-standard","has-post-thumbnail","hentry","category-destacadas","category-locales","category-policiales-locales","tag-buenos-aires","tag-interes-general","tag-locales","tag-san-pedro"],"aioseo_notices":[],"gutentor_comment":0,"jetpack_featured_media_url":"https:\/\/eldiariodesanpedro.com.ar\/sitio\/wp-content\/uploads\/2023\/04\/83290-advierten-sobre-intentos-de-estafas-por-facebook.jpg","jetpack_shortlink":"https:\/\/wp.me\/p6RhLt-umk","jetpack_sharing_enabled":true,"_links":{"self":[{"href":"https:\/\/eldiariodesanpedro.com.ar\/sitio\/wp-json\/wp\/v2\/posts\/116704","targetHints":{"allow":["GET"]}}],"collection":[{"href":"https:\/\/eldiariodesanpedro.com.ar\/sitio\/wp-json\/wp\/v2\/posts"}],"about":[{"href":"https:\/\/eldiariodesanpedro.com.ar\/sitio\/wp-json\/wp\/v2\/types\/post"}],"author":[{"embeddable":true,"href":"https:\/\/eldiariodesanpedro.com.ar\/sitio\/wp-json\/wp\/v2\/users\/4"}],"replies":[{"embeddable":true,"href":"https:\/\/eldiariodesanpedro.com.ar\/sitio\/wp-json\/wp\/v2\/comments?post=116704"}],"version-history":[{"count":1,"href":"https:\/\/eldiariodesanpedro.com.ar\/sitio\/wp-json\/wp\/v2\/posts\/116704\/revisions"}],"predecessor-version":[{"id":116706,"href":"https:\/\/eldiariodesanpedro.com.ar\/sitio\/wp-json\/wp\/v2\/posts\/116704\/revisions\/116706"}],"wp:featuredmedia":[{"embeddable":true,"href":"https:\/\/eldiariodesanpedro.com.ar\/sitio\/wp-json\/wp\/v2\/media\/116705"}],"wp:attachment":[{"href":"https:\/\/eldiariodesanpedro.com.ar\/sitio\/wp-json\/wp\/v2\/media?parent=116704"}],"wp:term":[{"taxonomy":"category","embeddable":true,"href":"https:\/\/eldiariodesanpedro.com.ar\/sitio\/wp-json\/wp\/v2\/categories?post=116704"},{"taxonomy":"post_tag","embeddable":true,"href":"https:\/\/eldiariodesanpedro.com.ar\/sitio\/wp-json\/wp\/v2\/tags?post=116704"}],"curies":[{"name":"wp","href":"https:\/\/api.w.org\/{rel}","templated":true}]}}