{"id":116701,"date":"2023-04-06T14:16:04","date_gmt":"2023-04-06T17:16:04","guid":{"rendered":"https:\/\/eldiariodesanpedro.com.ar\/sitio\/?p=116701"},"modified":"2023-04-06T14:16:06","modified_gmt":"2023-04-06T17:16:06","slug":"operativo-de-transito-municipal-en-calle-san-martin-y-rivadavia-4-motocicletas-incautadas-por-falta-de-documentacion","status":"publish","type":"post","link":"https:\/\/eldiariodesanpedro.com.ar\/sitio\/operativo-de-transito-municipal-en-calle-san-martin-y-rivadavia-4-motocicletas-incautadas-por-falta-de-documentacion\/","title":{"rendered":"Operativo de tr\u00e1nsito municipal en calle San Mart\u00edn y Rivadavia: 4 motocicletas incautadas por falta de documentaci\u00f3n"},"content":{"rendered":"<!-- VideographyWP Plugin Message: Automatic video embedding prevented by plugin options. -->\n\n<p>En el d\u00eda de hoy, el personal de Inspecci\u00f3n y Tr\u00e1nsito Municipal ha llevado a cabo un importante operativo de tr\u00e1nsito vehicular en la intersecci\u00f3n de la calle San Mart\u00edn y Rivadavia.<\/p>\n\n\n\n<p>Durante el operativo, se procedi\u00f3 al secuestro e incautaci\u00f3n de cuatro motocicletas que carec\u00edan de la documentaci\u00f3n reglamentaria para conducir. Los infractores identificados fueron dos hombres de 31 y 33 a\u00f1os de edad, as\u00ed como dos mujeres de 17 y 44 a\u00f1os.<\/p>\n\n\n\n<p>La acci\u00f3n se realiz\u00f3 en l\u00ednea con la pol\u00edtica del municipio de garantizar la seguridad vial y hacer cumplir las normas y reglamentos establecidos. La intervenci\u00f3n del Juzgado de Faltas Local asegurar\u00e1 que se tomen las medidas necesarias en consecuencia.<\/p>\n\n\n\n<p>Es importante recordar a todos los conductores la importancia de tener su documentaci\u00f3n en regla y cumplir con las normas de tr\u00e1nsito para garantizar la seguridad de todos en las v\u00edas p\u00fablicas.<\/p>\n","protected":false},"excerpt":{"rendered":"<p>En el d\u00eda de hoy, el personal de Inspecci\u00f3n y Tr\u00e1nsito Municipal ha llevado a cabo un importante operativo de tr\u00e1nsito vehicular en la intersecci\u00f3n de la calle San Mart\u00edn y Rivadavia. Durante el operativo, se procedi\u00f3 al secuestro e incautaci\u00f3n de cuatro motocicletas que carec\u00edan de la documentaci\u00f3n reglamentaria para conducir. Los infractores identificados [&hellip;]<\/p>\n","protected":false},"author":4,"featured_media":116702,"comment_status":"closed","ping_status":"closed","sticky":false,"template":"","format":"standard","meta":{"om_disable_all_campaigns":false,"_jetpack_memberships_contains_paid_content":false,"footnotes":""},"categories":[2,103],"tags":[197,33,95,19],"class_list":["post-116701","post","type-post","status-publish","format-standard","has-post-thumbnail","hentry","category-locales","category-policiales-locales","tag-buenos-aires","tag-locales","tag-policiales","tag-san-pedro"],"aioseo_notices":[],"gutentor_comment":0,"jetpack_featured_media_url":"https:\/\/eldiariodesanpedro.com.ar\/sitio\/wp-content\/uploads\/2023\/04\/medida-6.jpg","jetpack_shortlink":"https:\/\/wp.me\/p6RhLt-umh","jetpack_sharing_enabled":true,"_links":{"self":[{"href":"https:\/\/eldiariodesanpedro.com.ar\/sitio\/wp-json\/wp\/v2\/posts\/116701","targetHints":{"allow":["GET"]}}],"collection":[{"href":"https:\/\/eldiariodesanpedro.com.ar\/sitio\/wp-json\/wp\/v2\/posts"}],"about":[{"href":"https:\/\/eldiariodesanpedro.com.ar\/sitio\/wp-json\/wp\/v2\/types\/post"}],"author":[{"embeddable":true,"href":"https:\/\/eldiariodesanpedro.com.ar\/sitio\/wp-json\/wp\/v2\/users\/4"}],"replies":[{"embeddable":true,"href":"https:\/\/eldiariodesanpedro.com.ar\/sitio\/wp-json\/wp\/v2\/comments?post=116701"}],"version-history":[{"count":1,"href":"https:\/\/eldiariodesanpedro.com.ar\/sitio\/wp-json\/wp\/v2\/posts\/116701\/revisions"}],"predecessor-version":[{"id":116703,"href":"https:\/\/eldiariodesanpedro.com.ar\/sitio\/wp-json\/wp\/v2\/posts\/116701\/revisions\/116703"}],"wp:featuredmedia":[{"embeddable":true,"href":"https:\/\/eldiariodesanpedro.com.ar\/sitio\/wp-json\/wp\/v2\/media\/116702"}],"wp:attachment":[{"href":"https:\/\/eldiariodesanpedro.com.ar\/sitio\/wp-json\/wp\/v2\/media?parent=116701"}],"wp:term":[{"taxonomy":"category","embeddable":true,"href":"https:\/\/eldiariodesanpedro.com.ar\/sitio\/wp-json\/wp\/v2\/categories?post=116701"},{"taxonomy":"post_tag","embeddable":true,"href":"https:\/\/eldiariodesanpedro.com.ar\/sitio\/wp-json\/wp\/v2\/tags?post=116701"}],"curies":[{"name":"wp","href":"https:\/\/api.w.org\/{rel}","templated":true}]}}