{"id":116695,"date":"2023-04-06T13:55:21","date_gmt":"2023-04-06T16:55:21","guid":{"rendered":"https:\/\/eldiariodesanpedro.com.ar\/sitio\/?p=116695"},"modified":"2023-04-06T13:55:23","modified_gmt":"2023-04-06T16:55:23","slug":"detienen-a-tres-personas-y-recuperan-camiones-robados-con-cargamento-de-herbicidas-en-pergamino","status":"publish","type":"post","link":"https:\/\/eldiariodesanpedro.com.ar\/sitio\/detienen-a-tres-personas-y-recuperan-camiones-robados-con-cargamento-de-herbicidas-en-pergamino\/","title":{"rendered":"Detienen a tres personas y recuperan camiones robados con cargamento de herbicidas en Pergamino"},"content":{"rendered":"<!-- VideographyWP Plugin Message: Automatic video embedding prevented by plugin options. -->\n\n<p>En un operativo conjunto se detuvieron a tres malvivientes que robaron dos camiones cargados de herbicidas en una empresa de Pergamino<\/p>\n\n\n\n<p>La empresa Rizobacter de Pergamino fue v\u00edctima de un robo en el que ocho delincuentes armados ingresaron al predio fabril y sustrajeron dos camiones cargados con herbicidas despu\u00e9s de reducir a los obreros. Gracias al alerta emitido por el 911 sobre el posible arribo de los rodados a la zona, se mont\u00f3 un operativo en el que participaron efectivos de varias fuerzas de seguridad. Los camiones fueron interceptados en Ruta Prov. 191, km, uno en el ingreso a la ciudad y el otro en cercan\u00edas a la cuerva \u00abde los dos machos\u00bb, logrando la detenci\u00f3n de tres personas del sexo masculino, mayores de edad y con residencia en el conurbano bonaerense. Los camiones y su carga fueron recuperados.<\/p>\n\n\n\n<p>Tres detenidos por robo de camiones cargados con herbicidas en Pergamino<\/p>\n\n\n\n<p>La empresa Rizobacter de Pergamino fue v\u00edctima de un robo por parte de ocho delincuentes armados, que sustrajeron dos camiones cargados con herbicidas tras reducir a los obreros. Gracias al alerta emitido por el 911, se mont\u00f3 un operativo en el que se logr\u00f3 interceptar los veh\u00edculos en Ruta Prov. 191 km, en San Pedro. Tres personas del conurbano bonaerense fueron detenidas y los camiones con su carga fueron recuperados. Los malvivientes quedaron alojados en la dependencia local a disposici\u00f3n de la UFI interventora de Pergamino.<\/p>\n\n\n\n<p>Operativo conjunto en San Pedro logr\u00f3 recuperar dos camiones cargados con herbicidas robados en Pergamino<\/p>\n\n\n\n<p>Tras el robo de dos camiones cargados con herbicidas en la empresa Rizobacter de Pergamino, ocho delincuentes armados huyeron en los veh\u00edculos. Un alerta emitido por el 911 permiti\u00f3 montar un operativo en el que se logr\u00f3 interceptar los camiones en San Pedro, gracias a la colaboraci\u00f3n de efectivos de la Estaci\u00f3n de Polic\u00eda Comunal, GTO, del CPR San Pedro y de Dto. Gdor Castro. Tres malvivientes del conurbano bonaerense fueron detenidos y los camiones con su carga fueron recuperados, siendo puestos a disposici\u00f3n de la UFI interventora de Pergamino.<\/p>\n\n\n\n<figure class=\"wp-block-image size-large\"><img decoding=\"async\" width=\"1024\" height=\"461\" data-attachment-id=\"116696\" data-permalink=\"https:\/\/eldiariodesanpedro.com.ar\/sitio\/detienen-a-tres-personas-y-recuperan-camiones-robados-con-cargamento-de-herbicidas-en-pergamino\/whatsapp-image-2023-04-06-at-08-26-03\/\" data-orig-file=\"https:\/\/eldiariodesanpedro.com.ar\/sitio\/wp-content\/uploads\/2023\/04\/WhatsApp-Image-2023-04-06-at-08.26.03.jpeg\" data-orig-size=\"1200,540\" data-comments-opened=\"0\" data-image-meta=\"{&quot;aperture&quot;:&quot;0&quot;,&quot;credit&quot;:&quot;&quot;,&quot;camera&quot;:&quot;&quot;,&quot;caption&quot;:&quot;&quot;,&quot;created_timestamp&quot;:&quot;0&quot;,&quot;copyright&quot;:&quot;&quot;,&quot;focal_length&quot;:&quot;0&quot;,&quot;iso&quot;:&quot;0&quot;,&quot;shutter_speed&quot;:&quot;0&quot;,&quot;title&quot;:&quot;&quot;,&quot;orientation&quot;:&quot;0&quot;}\" data-image-title=\"WhatsApp Image 2023-04-06 at 08.26.03\" data-image-description=\"\" data-image-caption=\"\" data-large-file=\"https:\/\/eldiariodesanpedro.com.ar\/sitio\/wp-content\/uploads\/2023\/04\/WhatsApp-Image-2023-04-06-at-08.26.03-1024x461.jpeg\" data-src=\"https:\/\/eldiariodesanpedro.com.ar\/sitio\/wp-content\/uploads\/2023\/04\/WhatsApp-Image-2023-04-06-at-08.26.03-1024x461.jpeg\" alt=\"\" class=\"wp-image-116696 lazyload\" data-srcset=\"https:\/\/eldiariodesanpedro.com.ar\/sitio\/wp-content\/uploads\/2023\/04\/WhatsApp-Image-2023-04-06-at-08.26.03-1024x461.jpeg 1024w, https:\/\/eldiariodesanpedro.com.ar\/sitio\/wp-content\/uploads\/2023\/04\/WhatsApp-Image-2023-04-06-at-08.26.03-300x135.jpeg 300w, https:\/\/eldiariodesanpedro.com.ar\/sitio\/wp-content\/uploads\/2023\/04\/WhatsApp-Image-2023-04-06-at-08.26.03-768x346.jpeg 768w, https:\/\/eldiariodesanpedro.com.ar\/sitio\/wp-content\/uploads\/2023\/04\/WhatsApp-Image-2023-04-06-at-08.26.03.jpeg 1200w\" data-sizes=\"(max-width: 1024px) 100vw, 1024px\" src=\"data:image\/svg+xml;base64,PHN2ZyB3aWR0aD0iMSIgaGVpZ2h0PSIxIiB4bWxucz0iaHR0cDovL3d3dy53My5vcmcvMjAwMC9zdmciPjwvc3ZnPg==\" style=\"--smush-placeholder-width: 1024px; --smush-placeholder-aspect-ratio: 1024\/461;\" \/><\/figure>\n\n\n\n<figure class=\"wp-block-image size-large\"><img decoding=\"async\" width=\"1024\" height=\"461\" data-attachment-id=\"116697\" data-permalink=\"https:\/\/eldiariodesanpedro.com.ar\/sitio\/detienen-a-tres-personas-y-recuperan-camiones-robados-con-cargamento-de-herbicidas-en-pergamino\/whatsapp-image-2023-04-06-at-08-26-04-1\/\" data-orig-file=\"https:\/\/eldiariodesanpedro.com.ar\/sitio\/wp-content\/uploads\/2023\/04\/WhatsApp-Image-2023-04-06-at-08.26.04-1.jpeg\" data-orig-size=\"1200,540\" data-comments-opened=\"0\" data-image-meta=\"{&quot;aperture&quot;:&quot;0&quot;,&quot;credit&quot;:&quot;&quot;,&quot;camera&quot;:&quot;&quot;,&quot;caption&quot;:&quot;&quot;,&quot;created_timestamp&quot;:&quot;0&quot;,&quot;copyright&quot;:&quot;&quot;,&quot;focal_length&quot;:&quot;0&quot;,&quot;iso&quot;:&quot;0&quot;,&quot;shutter_speed&quot;:&quot;0&quot;,&quot;title&quot;:&quot;&quot;,&quot;orientation&quot;:&quot;0&quot;}\" data-image-title=\"WhatsApp Image 2023-04-06 at 08.26.04 (1)\" data-image-description=\"\" data-image-caption=\"\" data-large-file=\"https:\/\/eldiariodesanpedro.com.ar\/sitio\/wp-content\/uploads\/2023\/04\/WhatsApp-Image-2023-04-06-at-08.26.04-1-1024x461.jpeg\" data-src=\"https:\/\/eldiariodesanpedro.com.ar\/sitio\/wp-content\/uploads\/2023\/04\/WhatsApp-Image-2023-04-06-at-08.26.04-1-1024x461.jpeg\" alt=\"\" class=\"wp-image-116697 lazyload\" data-srcset=\"https:\/\/eldiariodesanpedro.com.ar\/sitio\/wp-content\/uploads\/2023\/04\/WhatsApp-Image-2023-04-06-at-08.26.04-1-1024x461.jpeg 1024w, https:\/\/eldiariodesanpedro.com.ar\/sitio\/wp-content\/uploads\/2023\/04\/WhatsApp-Image-2023-04-06-at-08.26.04-1-300x135.jpeg 300w, https:\/\/eldiariodesanpedro.com.ar\/sitio\/wp-content\/uploads\/2023\/04\/WhatsApp-Image-2023-04-06-at-08.26.04-1-768x346.jpeg 768w, https:\/\/eldiariodesanpedro.com.ar\/sitio\/wp-content\/uploads\/2023\/04\/WhatsApp-Image-2023-04-06-at-08.26.04-1.jpeg 1200w\" data-sizes=\"(max-width: 1024px) 100vw, 1024px\" src=\"data:image\/svg+xml;base64,PHN2ZyB3aWR0aD0iMSIgaGVpZ2h0PSIxIiB4bWxucz0iaHR0cDovL3d3dy53My5vcmcvMjAwMC9zdmciPjwvc3ZnPg==\" style=\"--smush-placeholder-width: 1024px; --smush-placeholder-aspect-ratio: 1024\/461;\" \/><\/figure>\n","protected":false},"excerpt":{"rendered":"<p>En un operativo conjunto se detuvieron a tres malvivientes que robaron dos camiones cargados de herbicidas en una empresa de Pergamino La empresa Rizobacter de Pergamino fue v\u00edctima de un robo en el que ocho delincuentes armados ingresaron al predio fabril y sustrajeron dos camiones cargados con herbicidas despu\u00e9s de reducir a los obreros. Gracias [&hellip;]<\/p>\n","protected":false},"author":4,"featured_media":116699,"comment_status":"closed","ping_status":"closed","sticky":false,"template":"","format":"standard","meta":{"om_disable_all_campaigns":false,"_jetpack_memberships_contains_paid_content":false,"footnotes":""},"categories":[50,2,103],"tags":[197,696,33,19],"class_list":["post-116695","post","type-post","status-publish","format-standard","has-post-thumbnail","hentry","category-destacadas","category-locales","category-policiales-locales","tag-buenos-aires","tag-interes-general","tag-locales","tag-san-pedro"],"aioseo_notices":[],"gutentor_comment":0,"jetpack_featured_media_url":"https:\/\/eldiariodesanpedro.com.ar\/sitio\/wp-content\/uploads\/2023\/04\/WhatsApp-Image-2023-04-06-at-08.26.04.jpeg","jetpack_shortlink":"https:\/\/wp.me\/p6RhLt-umb","jetpack_sharing_enabled":true,"_links":{"self":[{"href":"https:\/\/eldiariodesanpedro.com.ar\/sitio\/wp-json\/wp\/v2\/posts\/116695","targetHints":{"allow":["GET"]}}],"collection":[{"href":"https:\/\/eldiariodesanpedro.com.ar\/sitio\/wp-json\/wp\/v2\/posts"}],"about":[{"href":"https:\/\/eldiariodesanpedro.com.ar\/sitio\/wp-json\/wp\/v2\/types\/post"}],"author":[{"embeddable":true,"href":"https:\/\/eldiariodesanpedro.com.ar\/sitio\/wp-json\/wp\/v2\/users\/4"}],"replies":[{"embeddable":true,"href":"https:\/\/eldiariodesanpedro.com.ar\/sitio\/wp-json\/wp\/v2\/comments?post=116695"}],"version-history":[{"count":1,"href":"https:\/\/eldiariodesanpedro.com.ar\/sitio\/wp-json\/wp\/v2\/posts\/116695\/revisions"}],"predecessor-version":[{"id":116700,"href":"https:\/\/eldiariodesanpedro.com.ar\/sitio\/wp-json\/wp\/v2\/posts\/116695\/revisions\/116700"}],"wp:featuredmedia":[{"embeddable":true,"href":"https:\/\/eldiariodesanpedro.com.ar\/sitio\/wp-json\/wp\/v2\/media\/116699"}],"wp:attachment":[{"href":"https:\/\/eldiariodesanpedro.com.ar\/sitio\/wp-json\/wp\/v2\/media?parent=116695"}],"wp:term":[{"taxonomy":"category","embeddable":true,"href":"https:\/\/eldiariodesanpedro.com.ar\/sitio\/wp-json\/wp\/v2\/categories?post=116695"},{"taxonomy":"post_tag","embeddable":true,"href":"https:\/\/eldiariodesanpedro.com.ar\/sitio\/wp-json\/wp\/v2\/tags?post=116695"}],"curies":[{"name":"wp","href":"https:\/\/api.w.org\/{rel}","templated":true}]}}