{"id":116692,"date":"2023-04-06T13:10:01","date_gmt":"2023-04-06T16:10:01","guid":{"rendered":"https:\/\/eldiariodesanpedro.com.ar\/sitio\/?p=116692"},"modified":"2023-04-06T13:10:03","modified_gmt":"2023-04-06T16:10:03","slug":"fallece-marcelo-marelli-ex-titular-de-ate-san-pedro-y-referente-en-la-lucha-por-los-derechos-laborales","status":"publish","type":"post","link":"https:\/\/eldiariodesanpedro.com.ar\/sitio\/fallece-marcelo-marelli-ex-titular-de-ate-san-pedro-y-referente-en-la-lucha-por-los-derechos-laborales\/","title":{"rendered":"Fallece Marcelo Marelli, ex titular de ATE San Pedro y referente en la lucha por los derechos laborales"},"content":{"rendered":"<!-- VideographyWP Plugin Message: Automatic video embedding prevented by plugin options. -->\n\n<p>El distrito de San Pedro est\u00e1 de luto por la p\u00e9rdida de Marcelo Gustavo Marelli, quien falleci\u00f3 a los 58 a\u00f1os. Marelli fue el ex titular de la delegaci\u00f3n local de la Asociaci\u00f3n de Trabajadores del Estado (ATE) y llev\u00f3 adelante durante a\u00f1os los reclamos de los empleados municipales en momentos de extrema dificultad, cuando los retrasos en los pagos de sueldos eran habituales.<\/p>\n\n\n\n<p>En el marco de esas luchas, que incluyeron tomas del Municipio y ollas populares, Marelli lleg\u00f3 incluso a padecer agresiones f\u00edsicas, siendo recordado el caso del a\u00f1o 2012 cuando, dentro del palacio municipal, sufri\u00f3 quemaduras en todo el cuerpo. Desde ATE, lleg\u00f3 a ser adem\u00e1s el Secretario General de la Central de Trabajadores Argentinos en el distrito, tras ser elegido en las internas del a\u00f1o 2010.<\/p>\n\n\n\n<p>Las autoridades de ATE emitieron un comunicado en el que definieron a Marelli como \u00abun importante dirigente de nuestra organizaci\u00f3n gremial\u00bb y expresaron sus \u00abm\u00e1s profundas condolencias a su familia, amigos y seres queridos en este dif\u00edcil momento\u00bb. En la nota p\u00fablica, expresaron: \u00abMarcelo dedic\u00f3 a\u00f1os de su vida a la defensa de los derechos de los trabajadores estatales y fue un referente para muchos en la lucha por una sociedad m\u00e1s justa. Su legado como dirigente sindical ser\u00e1 siempre valorado y recordado\u00bb.<\/p>\n\n\n\n<p>El Intendente Cecilio Salazar, su equipo de gobierno y personal municipal tambi\u00e9n expresaron sus condolencias con la familia y seres queridos de Marcelo Gustavo Marelli, ex empleado de esta administraci\u00f3n y delegado de ATE San Pedro, ante su fallecimiento. Adem\u00e1s, hicieron llegar su acompa\u00f1amiento a quienes lo conocieron y especialmente a los compa\u00f1eros con quienes trabaj\u00f3 en nuestra Municipalidad. La ciudad pierde a un luchador incansable por los derechos de los trabajadores y un referente en la defensa de una sociedad m\u00e1s justa.<\/p>\n","protected":false},"excerpt":{"rendered":"<p>El distrito de San Pedro est\u00e1 de luto por la p\u00e9rdida de Marcelo Gustavo Marelli, quien falleci\u00f3 a los 58 a\u00f1os. Marelli fue el ex titular de la delegaci\u00f3n local de la Asociaci\u00f3n de Trabajadores del Estado (ATE) y llev\u00f3 adelante durante a\u00f1os los reclamos de los empleados municipales en momentos de extrema dificultad, cuando [&hellip;]<\/p>\n","protected":false},"author":4,"featured_media":116693,"comment_status":"closed","ping_status":"closed","sticky":false,"template":"","format":"standard","meta":{"om_disable_all_campaigns":false,"_jetpack_memberships_contains_paid_content":false,"footnotes":""},"categories":[50,101,2],"tags":[197,696,33,19],"class_list":["post-116692","post","type-post","status-publish","format-standard","has-post-thumbnail","hentry","category-destacadas","category-interes-general-locales","category-locales","tag-buenos-aires","tag-interes-general","tag-locales","tag-san-pedro"],"aioseo_notices":[],"gutentor_comment":0,"jetpack_featured_media_url":"https:\/\/eldiariodesanpedro.com.ar\/sitio\/wp-content\/uploads\/2023\/04\/Marelli.jpg","jetpack_shortlink":"https:\/\/wp.me\/p6RhLt-um8","jetpack_sharing_enabled":true,"_links":{"self":[{"href":"https:\/\/eldiariodesanpedro.com.ar\/sitio\/wp-json\/wp\/v2\/posts\/116692","targetHints":{"allow":["GET"]}}],"collection":[{"href":"https:\/\/eldiariodesanpedro.com.ar\/sitio\/wp-json\/wp\/v2\/posts"}],"about":[{"href":"https:\/\/eldiariodesanpedro.com.ar\/sitio\/wp-json\/wp\/v2\/types\/post"}],"author":[{"embeddable":true,"href":"https:\/\/eldiariodesanpedro.com.ar\/sitio\/wp-json\/wp\/v2\/users\/4"}],"replies":[{"embeddable":true,"href":"https:\/\/eldiariodesanpedro.com.ar\/sitio\/wp-json\/wp\/v2\/comments?post=116692"}],"version-history":[{"count":1,"href":"https:\/\/eldiariodesanpedro.com.ar\/sitio\/wp-json\/wp\/v2\/posts\/116692\/revisions"}],"predecessor-version":[{"id":116694,"href":"https:\/\/eldiariodesanpedro.com.ar\/sitio\/wp-json\/wp\/v2\/posts\/116692\/revisions\/116694"}],"wp:featuredmedia":[{"embeddable":true,"href":"https:\/\/eldiariodesanpedro.com.ar\/sitio\/wp-json\/wp\/v2\/media\/116693"}],"wp:attachment":[{"href":"https:\/\/eldiariodesanpedro.com.ar\/sitio\/wp-json\/wp\/v2\/media?parent=116692"}],"wp:term":[{"taxonomy":"category","embeddable":true,"href":"https:\/\/eldiariodesanpedro.com.ar\/sitio\/wp-json\/wp\/v2\/categories?post=116692"},{"taxonomy":"post_tag","embeddable":true,"href":"https:\/\/eldiariodesanpedro.com.ar\/sitio\/wp-json\/wp\/v2\/tags?post=116692"}],"curies":[{"name":"wp","href":"https:\/\/api.w.org\/{rel}","templated":true}]}}