{"id":116686,"date":"2023-04-06T12:59:11","date_gmt":"2023-04-06T15:59:11","guid":{"rendered":"https:\/\/eldiariodesanpedro.com.ar\/sitio\/?p=116686"},"modified":"2023-04-06T12:59:13","modified_gmt":"2023-04-06T15:59:13","slug":"el-intendente-participo-de-una-reunion-en-el-inta-para-actualizar-la-informacion-sobre-el-proyecto-de-investigacion-y-desarrollo-de-cannabis-medicinal","status":"publish","type":"post","link":"https:\/\/eldiariodesanpedro.com.ar\/sitio\/el-intendente-participo-de-una-reunion-en-el-inta-para-actualizar-la-informacion-sobre-el-proyecto-de-investigacion-y-desarrollo-de-cannabis-medicinal\/","title":{"rendered":"El Intendente particip\u00f3 de una reuni\u00f3n en el INTA para actualizar la informaci\u00f3n sobre el proyecto de investigaci\u00f3n y desarrollo de Cannabis Medicinal"},"content":{"rendered":"<!-- VideographyWP Plugin Message: Automatic video embedding prevented by plugin options. -->\n\n<p>El Intendente Cecilio Salazar particip\u00f3 este mi\u00e9rcoles de una reuni\u00f3n de Consejo Local Asesor del INTA convocada para actualizar la informaci\u00f3n relacionada con las tareas de investigaci\u00f3n y desarrollo que se realizan en la unidad sobre Cannabis sativa L.<\/p>\n\n\n\n<p>En el marco de los convenios firmados a fines del 2020 con el municipio y con la empresa LCA, se han venido desarrollando en los \u00faltimos meses, trabajos de infraestructura e introducci\u00f3n de material, y gestionando financiaci\u00f3n externa que permita llevar las actividades adelante.<\/p>\n\n\n\n<p>Durante el encuentro compartieron informaci\u00f3n los equipos de INTA y de la empresa, describiendo las acciones realizadas, la propuesta de trabajo para el a\u00f1o en curso y el pr\u00f3ximo.<\/p>\n\n\n\n<p>El Intendente Salazar, promotor de la incorporaci\u00f3n de esta l\u00ednea de trabajo en el INTA local record\u00f3 que junto al Director Regional de INTA Hern\u00e1n Trebino comenzaron a impulsar esta iniciativa desde el 2018. Destac\u00f3 que desde entonces \u00abfue uno de los primeros proyectos que tuvo todas las aprobaciones y afortunadamente se empieza a concretar esa idea y ese sue\u00f1o. El cannabis es un emprendimiento muy importante y haremos todo lo posible para seguir avanzando\u00bb, dijo.<\/p>\n\n\n\n<p>El jefe comunal agradeci\u00f3 a la Directora del INTA San Pedro y a todo el equipo que ha seguido trabajando en este tema tan importante para nuestra regi\u00f3n<\/p>\n\n\n\n<p>En la reuni\u00f3n del Consejo Local Asesor, la organizaci\u00f3n que tiene el INTA con representantes institucionales y del sector productivo en su \u00e1rea de influencia, participaron adem\u00e1s del Intendente Salazar, Mart\u00edn Fontano de la Asociaci\u00f3n de Ingenieros Agr\u00f3nomos, Silvina Luchessi y Santiago Valli de Frutos de la Tierra y el R\u00edo, Gustavo Rolfo y Natalia Larrea del SENASA, Alejandro Guzzo de CAPROEM, Julio Pereyra Na\u00f3n de la C\u00e1mara de Viveristas, Bruno Violi y Felicitas Willi de la Sociedad Rural de Baradero, Silvia Aquistapace y Dana Figueroa de la Escuela Agrot\u00e9cnica, Lucas Aguado del INASE, el Dr. Joel Scorcelli de la Secretar\u00eda de Salud de la Municipalidad, Julio Pereyra Na\u00f3n de la C\u00e1mara de Viveristas, Natalia Chollet de Mujeres Rurales, Laura Hansen, Patricio Ros, Mariana Piola, Clarisa Marcozzi, Graciela Corbino y Jos\u00e9 Czepulis por el INTA y Juan Arrate, Emilio Ponzio, Patricio Zorn y Nicolas Balogh Kovacs por la empresa LCA.<\/p>\n\n\n\n<figure class=\"wp-block-image size-full\"><img decoding=\"async\" width=\"961\" height=\"630\" data-attachment-id=\"116688\" data-permalink=\"https:\/\/eldiariodesanpedro.com.ar\/sitio\/el-intendente-participo-de-una-reunion-en-el-inta-para-actualizar-la-informacion-sobre-el-proyecto-de-investigacion-y-desarrollo-de-cannabis-medicinal\/whatsapp-image-2023-04-06-at-08-59-38\/\" data-orig-file=\"https:\/\/eldiariodesanpedro.com.ar\/sitio\/wp-content\/uploads\/2023\/04\/WhatsApp-Image-2023-04-06-at-08.59.38.jpeg\" data-orig-size=\"961,630\" data-comments-opened=\"0\" data-image-meta=\"{&quot;aperture&quot;:&quot;0&quot;,&quot;credit&quot;:&quot;&quot;,&quot;camera&quot;:&quot;&quot;,&quot;caption&quot;:&quot;&quot;,&quot;created_timestamp&quot;:&quot;0&quot;,&quot;copyright&quot;:&quot;&quot;,&quot;focal_length&quot;:&quot;0&quot;,&quot;iso&quot;:&quot;0&quot;,&quot;shutter_speed&quot;:&quot;0&quot;,&quot;title&quot;:&quot;&quot;,&quot;orientation&quot;:&quot;0&quot;}\" data-image-title=\"WhatsApp Image 2023-04-06 at 08.59.38\" data-image-description=\"\" data-image-caption=\"\" data-large-file=\"https:\/\/eldiariodesanpedro.com.ar\/sitio\/wp-content\/uploads\/2023\/04\/WhatsApp-Image-2023-04-06-at-08.59.38.jpeg\" data-src=\"https:\/\/eldiariodesanpedro.com.ar\/sitio\/wp-content\/uploads\/2023\/04\/WhatsApp-Image-2023-04-06-at-08.59.38.jpeg\" alt=\"\" class=\"wp-image-116688 lazyload\" data-srcset=\"https:\/\/eldiariodesanpedro.com.ar\/sitio\/wp-content\/uploads\/2023\/04\/WhatsApp-Image-2023-04-06-at-08.59.38.jpeg 961w, https:\/\/eldiariodesanpedro.com.ar\/sitio\/wp-content\/uploads\/2023\/04\/WhatsApp-Image-2023-04-06-at-08.59.38-300x197.jpeg 300w, https:\/\/eldiariodesanpedro.com.ar\/sitio\/wp-content\/uploads\/2023\/04\/WhatsApp-Image-2023-04-06-at-08.59.38-768x503.jpeg 768w\" data-sizes=\"(max-width: 961px) 100vw, 961px\" src=\"data:image\/svg+xml;base64,PHN2ZyB3aWR0aD0iMSIgaGVpZ2h0PSIxIiB4bWxucz0iaHR0cDovL3d3dy53My5vcmcvMjAwMC9zdmciPjwvc3ZnPg==\" style=\"--smush-placeholder-width: 961px; --smush-placeholder-aspect-ratio: 961\/630;\" \/><\/figure>\n\n\n\n<figure class=\"wp-block-image size-full\"><img decoding=\"async\" width=\"946\" height=\"630\" data-attachment-id=\"116690\" data-permalink=\"https:\/\/eldiariodesanpedro.com.ar\/sitio\/el-intendente-participo-de-una-reunion-en-el-inta-para-actualizar-la-informacion-sobre-el-proyecto-de-investigacion-y-desarrollo-de-cannabis-medicinal\/whatsapp-image-2023-04-06-at-08-59-39\/\" data-orig-file=\"https:\/\/eldiariodesanpedro.com.ar\/sitio\/wp-content\/uploads\/2023\/04\/WhatsApp-Image-2023-04-06-at-08.59.39.jpeg\" data-orig-size=\"946,630\" data-comments-opened=\"0\" data-image-meta=\"{&quot;aperture&quot;:&quot;0&quot;,&quot;credit&quot;:&quot;&quot;,&quot;camera&quot;:&quot;&quot;,&quot;caption&quot;:&quot;&quot;,&quot;created_timestamp&quot;:&quot;0&quot;,&quot;copyright&quot;:&quot;&quot;,&quot;focal_length&quot;:&quot;0&quot;,&quot;iso&quot;:&quot;0&quot;,&quot;shutter_speed&quot;:&quot;0&quot;,&quot;title&quot;:&quot;&quot;,&quot;orientation&quot;:&quot;0&quot;}\" data-image-title=\"WhatsApp Image 2023-04-06 at 08.59.39\" data-image-description=\"\" data-image-caption=\"\" data-large-file=\"https:\/\/eldiariodesanpedro.com.ar\/sitio\/wp-content\/uploads\/2023\/04\/WhatsApp-Image-2023-04-06-at-08.59.39.jpeg\" data-src=\"https:\/\/eldiariodesanpedro.com.ar\/sitio\/wp-content\/uploads\/2023\/04\/WhatsApp-Image-2023-04-06-at-08.59.39.jpeg\" alt=\"\" class=\"wp-image-116690 lazyload\" data-srcset=\"https:\/\/eldiariodesanpedro.com.ar\/sitio\/wp-content\/uploads\/2023\/04\/WhatsApp-Image-2023-04-06-at-08.59.39.jpeg 946w, https:\/\/eldiariodesanpedro.com.ar\/sitio\/wp-content\/uploads\/2023\/04\/WhatsApp-Image-2023-04-06-at-08.59.39-300x200.jpeg 300w, https:\/\/eldiariodesanpedro.com.ar\/sitio\/wp-content\/uploads\/2023\/04\/WhatsApp-Image-2023-04-06-at-08.59.39-768x511.jpeg 768w\" data-sizes=\"(max-width: 946px) 100vw, 946px\" src=\"data:image\/svg+xml;base64,PHN2ZyB3aWR0aD0iMSIgaGVpZ2h0PSIxIiB4bWxucz0iaHR0cDovL3d3dy53My5vcmcvMjAwMC9zdmciPjwvc3ZnPg==\" style=\"--smush-placeholder-width: 946px; --smush-placeholder-aspect-ratio: 946\/630;\" \/><\/figure>\n","protected":false},"excerpt":{"rendered":"<p>El Intendente Cecilio Salazar particip\u00f3 este mi\u00e9rcoles de una reuni\u00f3n de Consejo Local Asesor del INTA convocada para actualizar la informaci\u00f3n relacionada con las tareas de investigaci\u00f3n y desarrollo que se realizan en la unidad sobre Cannabis sativa L. En el marco de los convenios firmados a fines del 2020 con el municipio y con [&hellip;]<\/p>\n","protected":false},"author":4,"featured_media":116687,"comment_status":"closed","ping_status":"closed","sticky":false,"template":"","format":"standard","meta":{"om_disable_all_campaigns":false,"_jetpack_memberships_contains_paid_content":false,"footnotes":""},"categories":[50,101,2],"tags":[197,696,33,19],"class_list":["post-116686","post","type-post","status-publish","format-standard","has-post-thumbnail","hentry","category-destacadas","category-interes-general-locales","category-locales","tag-buenos-aires","tag-interes-general","tag-locales","tag-san-pedro"],"aioseo_notices":[],"gutentor_comment":0,"jetpack_featured_media_url":"https:\/\/eldiariodesanpedro.com.ar\/sitio\/wp-content\/uploads\/2023\/04\/WhatsApp-Image-2023-04-06-at-08.59.38-1.jpeg","jetpack_shortlink":"https:\/\/wp.me\/p6RhLt-um2","jetpack_sharing_enabled":true,"_links":{"self":[{"href":"https:\/\/eldiariodesanpedro.com.ar\/sitio\/wp-json\/wp\/v2\/posts\/116686","targetHints":{"allow":["GET"]}}],"collection":[{"href":"https:\/\/eldiariodesanpedro.com.ar\/sitio\/wp-json\/wp\/v2\/posts"}],"about":[{"href":"https:\/\/eldiariodesanpedro.com.ar\/sitio\/wp-json\/wp\/v2\/types\/post"}],"author":[{"embeddable":true,"href":"https:\/\/eldiariodesanpedro.com.ar\/sitio\/wp-json\/wp\/v2\/users\/4"}],"replies":[{"embeddable":true,"href":"https:\/\/eldiariodesanpedro.com.ar\/sitio\/wp-json\/wp\/v2\/comments?post=116686"}],"version-history":[{"count":1,"href":"https:\/\/eldiariodesanpedro.com.ar\/sitio\/wp-json\/wp\/v2\/posts\/116686\/revisions"}],"predecessor-version":[{"id":116691,"href":"https:\/\/eldiariodesanpedro.com.ar\/sitio\/wp-json\/wp\/v2\/posts\/116686\/revisions\/116691"}],"wp:featuredmedia":[{"embeddable":true,"href":"https:\/\/eldiariodesanpedro.com.ar\/sitio\/wp-json\/wp\/v2\/media\/116687"}],"wp:attachment":[{"href":"https:\/\/eldiariodesanpedro.com.ar\/sitio\/wp-json\/wp\/v2\/media?parent=116686"}],"wp:term":[{"taxonomy":"category","embeddable":true,"href":"https:\/\/eldiariodesanpedro.com.ar\/sitio\/wp-json\/wp\/v2\/categories?post=116686"},{"taxonomy":"post_tag","embeddable":true,"href":"https:\/\/eldiariodesanpedro.com.ar\/sitio\/wp-json\/wp\/v2\/tags?post=116686"}],"curies":[{"name":"wp","href":"https:\/\/api.w.org\/{rel}","templated":true}]}}