{"id":116681,"date":"2023-04-06T12:46:57","date_gmt":"2023-04-06T15:46:57","guid":{"rendered":"https:\/\/eldiariodesanpedro.com.ar\/sitio\/?p=116681"},"modified":"2023-04-06T12:46:59","modified_gmt":"2023-04-06T15:46:59","slug":"eduardo-dlapa-es-el-nuevo-presidente-de-la-asociacion-de-bomberos%ef%bf%bc","status":"publish","type":"post","link":"https:\/\/eldiariodesanpedro.com.ar\/sitio\/eduardo-dlapa-es-el-nuevo-presidente-de-la-asociacion-de-bomberos%ef%bf%bc\/","title":{"rendered":"Eduardo Dlapa es el nuevo presidente de la Asociaci\u00f3n de Bomberos\ufffc"},"content":{"rendered":"<!-- VideographyWP Plugin Message: Automatic video embedding prevented by plugin options. -->\n\n<p>La Asociaci\u00f3n Bomberos Voluntarios de San Pedro realiz\u00f3 su Asamblea General anual el pasado viernes 31 de marzo, en donde se aprobaron la memoria y balance correspondientes al ejercicio 2022.<\/p>\n\n\n\n<p>Adem\u00e1s, durante la asamblea se llev\u00f3 a cabo la renovaci\u00f3n de los cargos del Consejo Directivo de la entidad, siendo el lunes en la reuni\u00f3n plenaria de dicho Consejo donde se design\u00f3 a Eduardo Dlapa como nuevo presidente de la instituci\u00f3n.<\/p>\n\n\n\n<p>Mauro Rasio, quien ejerci\u00f3 la presidencia durante los \u00faltimos cinco a\u00f1os, dejar\u00e1 el cargo pero continuar\u00e1 formando parte del Consejo como consejero. Por otro lado, Aldo Penduzzu fue elegido como vicepresidente de la entidad.<\/p>\n\n\n\n<p>La Asociaci\u00f3n Bomberos Voluntarios de San Pedro es una organizaci\u00f3n que cumple una labor muy importante en la comunidad, y esta renovaci\u00f3n de cargos en su Consejo Directivo seguramente traer\u00e1 nuevos desaf\u00edos y oportunidades para seguir trabajando en pos del bienestar de todos los vecinos.<\/p>\n\n\n\n<figure class=\"wp-block-image size-large\"><img decoding=\"async\" width=\"1024\" height=\"478\" data-attachment-id=\"116682\" data-permalink=\"https:\/\/eldiariodesanpedro.com.ar\/sitio\/eduardo-dlapa-es-el-nuevo-presidente-de-la-asociacion-de-bomberos%ef%bf%bc\/whatsapp-image-2023-04-05-at-19-57-00-1\/\" data-orig-file=\"https:\/\/eldiariodesanpedro.com.ar\/sitio\/wp-content\/uploads\/2023\/04\/WhatsApp-Image-2023-04-05-at-19.57.00-1.jpeg\" data-orig-size=\"1200,560\" data-comments-opened=\"0\" data-image-meta=\"{&quot;aperture&quot;:&quot;0&quot;,&quot;credit&quot;:&quot;&quot;,&quot;camera&quot;:&quot;&quot;,&quot;caption&quot;:&quot;&quot;,&quot;created_timestamp&quot;:&quot;0&quot;,&quot;copyright&quot;:&quot;&quot;,&quot;focal_length&quot;:&quot;0&quot;,&quot;iso&quot;:&quot;0&quot;,&quot;shutter_speed&quot;:&quot;0&quot;,&quot;title&quot;:&quot;&quot;,&quot;orientation&quot;:&quot;0&quot;}\" data-image-title=\"WhatsApp Image 2023-04-05 at 19.57.00 (1)\" data-image-description=\"\" data-image-caption=\"\" data-large-file=\"https:\/\/eldiariodesanpedro.com.ar\/sitio\/wp-content\/uploads\/2023\/04\/WhatsApp-Image-2023-04-05-at-19.57.00-1-1024x478.jpeg\" data-src=\"https:\/\/eldiariodesanpedro.com.ar\/sitio\/wp-content\/uploads\/2023\/04\/WhatsApp-Image-2023-04-05-at-19.57.00-1-1024x478.jpeg\" alt=\"\" class=\"wp-image-116682 lazyload\" data-srcset=\"https:\/\/eldiariodesanpedro.com.ar\/sitio\/wp-content\/uploads\/2023\/04\/WhatsApp-Image-2023-04-05-at-19.57.00-1-1024x478.jpeg 1024w, https:\/\/eldiariodesanpedro.com.ar\/sitio\/wp-content\/uploads\/2023\/04\/WhatsApp-Image-2023-04-05-at-19.57.00-1-300x140.jpeg 300w, https:\/\/eldiariodesanpedro.com.ar\/sitio\/wp-content\/uploads\/2023\/04\/WhatsApp-Image-2023-04-05-at-19.57.00-1-768x358.jpeg 768w, https:\/\/eldiariodesanpedro.com.ar\/sitio\/wp-content\/uploads\/2023\/04\/WhatsApp-Image-2023-04-05-at-19.57.00-1.jpeg 1200w\" data-sizes=\"(max-width: 1024px) 100vw, 1024px\" src=\"data:image\/svg+xml;base64,PHN2ZyB3aWR0aD0iMSIgaGVpZ2h0PSIxIiB4bWxucz0iaHR0cDovL3d3dy53My5vcmcvMjAwMC9zdmciPjwvc3ZnPg==\" style=\"--smush-placeholder-width: 1024px; --smush-placeholder-aspect-ratio: 1024\/478;\" \/><\/figure>\n","protected":false},"excerpt":{"rendered":"<p>La Asociaci\u00f3n Bomberos Voluntarios de San Pedro realiz\u00f3 su Asamblea General anual el pasado viernes 31 de marzo, en donde se aprobaron la memoria y balance correspondientes al ejercicio 2022. Adem\u00e1s, durante la asamblea se llev\u00f3 a cabo la renovaci\u00f3n de los cargos del Consejo Directivo de la entidad, siendo el lunes en la reuni\u00f3n [&hellip;]<\/p>\n","protected":false},"author":4,"featured_media":116683,"comment_status":"closed","ping_status":"closed","sticky":false,"template":"","format":"standard","meta":{"om_disable_all_campaigns":false,"_jetpack_memberships_contains_paid_content":false,"footnotes":""},"categories":[50,101,2],"tags":[197,696,33,19],"class_list":["post-116681","post","type-post","status-publish","format-standard","has-post-thumbnail","hentry","category-destacadas","category-interes-general-locales","category-locales","tag-buenos-aires","tag-interes-general","tag-locales","tag-san-pedro"],"aioseo_notices":[],"gutentor_comment":0,"jetpack_featured_media_url":"https:\/\/eldiariodesanpedro.com.ar\/sitio\/wp-content\/uploads\/2023\/04\/WhatsApp-Image-2023-04-05-at-19.57.00.jpeg","jetpack_shortlink":"https:\/\/wp.me\/p6RhLt-ulX","jetpack_sharing_enabled":true,"_links":{"self":[{"href":"https:\/\/eldiariodesanpedro.com.ar\/sitio\/wp-json\/wp\/v2\/posts\/116681","targetHints":{"allow":["GET"]}}],"collection":[{"href":"https:\/\/eldiariodesanpedro.com.ar\/sitio\/wp-json\/wp\/v2\/posts"}],"about":[{"href":"https:\/\/eldiariodesanpedro.com.ar\/sitio\/wp-json\/wp\/v2\/types\/post"}],"author":[{"embeddable":true,"href":"https:\/\/eldiariodesanpedro.com.ar\/sitio\/wp-json\/wp\/v2\/users\/4"}],"replies":[{"embeddable":true,"href":"https:\/\/eldiariodesanpedro.com.ar\/sitio\/wp-json\/wp\/v2\/comments?post=116681"}],"version-history":[{"count":2,"href":"https:\/\/eldiariodesanpedro.com.ar\/sitio\/wp-json\/wp\/v2\/posts\/116681\/revisions"}],"predecessor-version":[{"id":116685,"href":"https:\/\/eldiariodesanpedro.com.ar\/sitio\/wp-json\/wp\/v2\/posts\/116681\/revisions\/116685"}],"wp:featuredmedia":[{"embeddable":true,"href":"https:\/\/eldiariodesanpedro.com.ar\/sitio\/wp-json\/wp\/v2\/media\/116683"}],"wp:attachment":[{"href":"https:\/\/eldiariodesanpedro.com.ar\/sitio\/wp-json\/wp\/v2\/media?parent=116681"}],"wp:term":[{"taxonomy":"category","embeddable":true,"href":"https:\/\/eldiariodesanpedro.com.ar\/sitio\/wp-json\/wp\/v2\/categories?post=116681"},{"taxonomy":"post_tag","embeddable":true,"href":"https:\/\/eldiariodesanpedro.com.ar\/sitio\/wp-json\/wp\/v2\/tags?post=116681"}],"curies":[{"name":"wp","href":"https:\/\/api.w.org\/{rel}","templated":true}]}}