{"id":116675,"date":"2023-04-06T12:26:24","date_gmt":"2023-04-06T15:26:24","guid":{"rendered":"https:\/\/eldiariodesanpedro.com.ar\/sitio\/?p=116675"},"modified":"2023-04-06T12:26:26","modified_gmt":"2023-04-06T15:26:26","slug":"anses-continua-el-pago-del-refuerzo-de-15-mil-pesos-para-jubilados-y-pensionados-en-abril","status":"publish","type":"post","link":"https:\/\/eldiariodesanpedro.com.ar\/sitio\/anses-continua-el-pago-del-refuerzo-de-15-mil-pesos-para-jubilados-y-pensionados-en-abril\/","title":{"rendered":"ANSES contin\u00faa el pago del refuerzo de 15 mil pesos para jubilados y pensionados en abril"},"content":{"rendered":"<!-- VideographyWP Plugin Message: Automatic video embedding prevented by plugin options. -->\n\n<p>La Administraci\u00f3n Nacional de la Seguridad Social (ANSES) ha anunciado que contin\u00faa con el pago del refuerzo de 15 mil pesos para los jubilados y pensionados que cobran hasta un haber m\u00ednimo en el mes de abril. Esta segunda cuota ir\u00e1 disminuyendo gradualmente hasta llegar a los 5000 pesos.<\/p>\n\n\n\n<p>Con el objetivo de garantizar que ninguna jubilaci\u00f3n quede por debajo de los 73 mil pesos, ANSES ha establecido un calendario de pagos para el mes de abril. Desde el lunes 3 hasta el martes 11, se realizar\u00e1 el pago a los titulares de las Pensiones No Contributivas (PNC), mientras que del mi\u00e9rcoles 12 al viernes 21 se realizar\u00e1 el pago a los jubilados y pensionados que no superen un haber m\u00ednimo.<\/p>\n\n\n\n<p>De esta manera, ANSES contin\u00faa trabajando para garantizar el bienestar de los jubilados y pensionados en todo el pa\u00eds. Se espera que este refuerzo sea de gran ayuda para aquellos que m\u00e1s lo necesitan en medio de la situaci\u00f3n econ\u00f3mica actual.<\/p>\n\n\n\n<p>Pensiones No Contributivas<br>\u00b7 DNI terminados en 0 y 1: 3 de abril<br>\u00b7 DNI terminados en 2 y 3: 4 de abril<br>\u00b7 DNI terminados en 4 y 5: 5 de abril<br>\u00b7 DNI terminados en 6 y 7: 10 de abril<br>\u00b7 DNI terminados en 8 y 9: 11 de abril<\/p>\n\n\n\n<p>Jubilaciones y pensiones que no superen un haber m\u00ednimo<br>\u00b7 DNI terminados en 0: 12 de abril<br>\u00b7 DNI terminados en 1: 13 de abril<br>\u00b7 DNI terminados en 2: 14 de abril<br>\u00b7 DNI terminados en 3: 17 de abril<br>\u00b7 DNI terminados en 4: 18 de abril<br>\u00b7 DNI terminados en 5: 18 de abril<br>\u00b7 DNI terminados en 6: 19 de abril<br>\u00b7 DNI terminados en 7: 19 de abril<br>\u00b7 DNI terminados en 8: 20 de abril<br>\u00b7 DNI terminados en 9: 21 de abril<\/p>\n","protected":false},"excerpt":{"rendered":"<p>La Administraci\u00f3n Nacional de la Seguridad Social (ANSES) ha anunciado que contin\u00faa con el pago del refuerzo de 15 mil pesos para los jubilados y pensionados que cobran hasta un haber m\u00ednimo en el mes de abril. Esta segunda cuota ir\u00e1 disminuyendo gradualmente hasta llegar a los 5000 pesos. Con el objetivo de garantizar que [&hellip;]<\/p>\n","protected":false},"author":4,"featured_media":111293,"comment_status":"closed","ping_status":"closed","sticky":false,"template":"","format":"standard","meta":{"om_disable_all_campaigns":false,"_jetpack_memberships_contains_paid_content":false,"footnotes":""},"categories":[101,2],"tags":[197,19],"class_list":["post-116675","post","type-post","status-publish","format-standard","has-post-thumbnail","hentry","category-interes-general-locales","category-locales","tag-buenos-aires","tag-san-pedro"],"aioseo_notices":[],"gutentor_comment":0,"jetpack_featured_media_url":"https:\/\/eldiariodesanpedro.com.ar\/sitio\/wp-content\/uploads\/2022\/10\/anses.png","jetpack_shortlink":"https:\/\/wp.me\/p6RhLt-ulR","jetpack_sharing_enabled":true,"_links":{"self":[{"href":"https:\/\/eldiariodesanpedro.com.ar\/sitio\/wp-json\/wp\/v2\/posts\/116675","targetHints":{"allow":["GET"]}}],"collection":[{"href":"https:\/\/eldiariodesanpedro.com.ar\/sitio\/wp-json\/wp\/v2\/posts"}],"about":[{"href":"https:\/\/eldiariodesanpedro.com.ar\/sitio\/wp-json\/wp\/v2\/types\/post"}],"author":[{"embeddable":true,"href":"https:\/\/eldiariodesanpedro.com.ar\/sitio\/wp-json\/wp\/v2\/users\/4"}],"replies":[{"embeddable":true,"href":"https:\/\/eldiariodesanpedro.com.ar\/sitio\/wp-json\/wp\/v2\/comments?post=116675"}],"version-history":[{"count":1,"href":"https:\/\/eldiariodesanpedro.com.ar\/sitio\/wp-json\/wp\/v2\/posts\/116675\/revisions"}],"predecessor-version":[{"id":116676,"href":"https:\/\/eldiariodesanpedro.com.ar\/sitio\/wp-json\/wp\/v2\/posts\/116675\/revisions\/116676"}],"wp:featuredmedia":[{"embeddable":true,"href":"https:\/\/eldiariodesanpedro.com.ar\/sitio\/wp-json\/wp\/v2\/media\/111293"}],"wp:attachment":[{"href":"https:\/\/eldiariodesanpedro.com.ar\/sitio\/wp-json\/wp\/v2\/media?parent=116675"}],"wp:term":[{"taxonomy":"category","embeddable":true,"href":"https:\/\/eldiariodesanpedro.com.ar\/sitio\/wp-json\/wp\/v2\/categories?post=116675"},{"taxonomy":"post_tag","embeddable":true,"href":"https:\/\/eldiariodesanpedro.com.ar\/sitio\/wp-json\/wp\/v2\/tags?post=116675"}],"curies":[{"name":"wp","href":"https:\/\/api.w.org\/{rel}","templated":true}]}}