{"id":116652,"date":"2023-04-05T18:42:06","date_gmt":"2023-04-05T21:42:06","guid":{"rendered":"https:\/\/eldiariodesanpedro.com.ar\/sitio\/?p=116652"},"modified":"2023-04-05T18:45:44","modified_gmt":"2023-04-05T21:45:44","slug":"diego-santilli-visito-la-ciudad-estuvo-reunido-con-vecinos-comerciantes-y-productores","status":"publish","type":"post","link":"https:\/\/eldiariodesanpedro.com.ar\/sitio\/diego-santilli-visito-la-ciudad-estuvo-reunido-con-vecinos-comerciantes-y-productores\/","title":{"rendered":"Diego Santilli visito la ciudad estuvo reunido con vecinos, comerciantes y productores"},"content":{"rendered":"<!-- VideographyWP Plugin Message: Automatic video embedding prevented by plugin options. -->\n\n<p>El d\u00eda de hoy por la tarde, Diego Santilli, el candidato a gobernador por el partido PRO, visit\u00f3 la ciudad y se reuni\u00f3 con vecinos, comerciantes y productores. Durante su visita, tambi\u00e9n realiz\u00f3 una recorrida por las calles de la ciudad, dialogando con los vecinos y escuchando sus inquietudes y necesidades.<\/p>\n\n\n\n<p>Santilli estuvo acompa\u00f1ado por Martin Rivas y Ariel Rey, quienes son posibles candidatos a intendentes  en nuestra ciudad representando a Acuerdo Ciudadano San Pedro. Durante su recorrido, el candidato a gobernador mostr\u00f3 su apoyo a los posibles candidatos y destac\u00f3 la importancia de trabajar juntos para lograr un cambio positivo en la ciudad.<\/p>\n\n\n\n<p>La visita de Diego Santilli a la ciudad gener\u00f3 gran expectativa entre sus seguidores, quienes valoraron su presencia y el di\u00e1logo que se gener\u00f3 durante la reuni\u00f3n. Los comerciantes y productores tambi\u00e9n destacaron la importancia de trabajar en conjunto para lograr un crecimiento sostenible y mejorar la calidad de vida de todos los habitantes de la ciudad.<\/p>\n\n\n\n<iframe data-src=\"https:\/\/www.facebook.com\/plugins\/video.php?height=314&#038;href=https%3A%2F%2Fwww.facebook.com%2Fdiariosp2%2Fvideos%2F948463216171043%2F&#038;show_text=false&#038;width=560&#038;t=0\" width=\"560\" height=\"314\" style=\"border:none;overflow:hidden\" scrolling=\"no\" frameborder=\"0\" allowfullscreen=\"true\" allow=\"autoplay; clipboard-write; encrypted-media; picture-in-picture; web-share\" allowFullScreen=\"true\" src=\"data:image\/svg+xml;base64,PHN2ZyB3aWR0aD0iMSIgaGVpZ2h0PSIxIiB4bWxucz0iaHR0cDovL3d3dy53My5vcmcvMjAwMC9zdmciPjwvc3ZnPg==\" class=\"lazyload\" data-load-mode=\"1\"><\/iframe>\n","protected":false},"excerpt":{"rendered":"<p>El d\u00eda de hoy por la tarde, Diego Santilli, el candidato a gobernador por el partido PRO, visit\u00f3 la ciudad y se reuni\u00f3 con vecinos, comerciantes y productores. Durante su visita, tambi\u00e9n realiz\u00f3 una recorrida por las calles de la ciudad, dialogando con los vecinos y escuchando sus inquietudes y necesidades. Santilli estuvo acompa\u00f1ado por [&hellip;]<\/p>\n","protected":false},"author":4,"featured_media":116653,"comment_status":"closed","ping_status":"closed","sticky":false,"template":"","format":"standard","meta":{"om_disable_all_campaigns":false,"_jetpack_memberships_contains_paid_content":false,"footnotes":""},"categories":[50,101,2],"tags":[197,3481,3480,19],"class_list":["post-116652","post","type-post","status-publish","format-standard","has-post-thumbnail","hentry","category-destacadas","category-interes-general-locales","category-locales","tag-buenos-aires","tag-comerciantes-y-productores","tag-diego-santilli-visito-la-ciudad-estuvo-reunido-con-vecinos","tag-san-pedro"],"aioseo_notices":[],"gutentor_comment":0,"jetpack_featured_media_url":"https:\/\/eldiariodesanpedro.com.ar\/sitio\/wp-content\/uploads\/2023\/04\/20230405_175746.jpg","jetpack_shortlink":"https:\/\/wp.me\/p6RhLt-ulu","jetpack_sharing_enabled":true,"_links":{"self":[{"href":"https:\/\/eldiariodesanpedro.com.ar\/sitio\/wp-json\/wp\/v2\/posts\/116652","targetHints":{"allow":["GET"]}}],"collection":[{"href":"https:\/\/eldiariodesanpedro.com.ar\/sitio\/wp-json\/wp\/v2\/posts"}],"about":[{"href":"https:\/\/eldiariodesanpedro.com.ar\/sitio\/wp-json\/wp\/v2\/types\/post"}],"author":[{"embeddable":true,"href":"https:\/\/eldiariodesanpedro.com.ar\/sitio\/wp-json\/wp\/v2\/users\/4"}],"replies":[{"embeddable":true,"href":"https:\/\/eldiariodesanpedro.com.ar\/sitio\/wp-json\/wp\/v2\/comments?post=116652"}],"version-history":[{"count":2,"href":"https:\/\/eldiariodesanpedro.com.ar\/sitio\/wp-json\/wp\/v2\/posts\/116652\/revisions"}],"predecessor-version":[{"id":116655,"href":"https:\/\/eldiariodesanpedro.com.ar\/sitio\/wp-json\/wp\/v2\/posts\/116652\/revisions\/116655"}],"wp:featuredmedia":[{"embeddable":true,"href":"https:\/\/eldiariodesanpedro.com.ar\/sitio\/wp-json\/wp\/v2\/media\/116653"}],"wp:attachment":[{"href":"https:\/\/eldiariodesanpedro.com.ar\/sitio\/wp-json\/wp\/v2\/media?parent=116652"}],"wp:term":[{"taxonomy":"category","embeddable":true,"href":"https:\/\/eldiariodesanpedro.com.ar\/sitio\/wp-json\/wp\/v2\/categories?post=116652"},{"taxonomy":"post_tag","embeddable":true,"href":"https:\/\/eldiariodesanpedro.com.ar\/sitio\/wp-json\/wp\/v2\/tags?post=116652"}],"curies":[{"name":"wp","href":"https:\/\/api.w.org\/{rel}","templated":true}]}}