{"id":116645,"date":"2023-04-05T16:56:49","date_gmt":"2023-04-05T19:56:49","guid":{"rendered":"https:\/\/eldiariodesanpedro.com.ar\/sitio\/?p=116645"},"modified":"2023-04-05T16:56:51","modified_gmt":"2023-04-05T19:56:51","slug":"desde-hoy-se-cobra-el-potenciar-trabajo-con-aumento-y-un-bono-de-17-375-pesos","status":"publish","type":"post","link":"https:\/\/eldiariodesanpedro.com.ar\/sitio\/desde-hoy-se-cobra-el-potenciar-trabajo-con-aumento-y-un-bono-de-17-375-pesos\/","title":{"rendered":"Desde hoy se cobra el Potenciar Trabajo con aumento y un bono de 17.375 pesos"},"content":{"rendered":"<!-- VideographyWP Plugin Message: Automatic video embedding prevented by plugin options. -->\n\n<p>El Ministerio de Desarrollo Social y la ANSES han anunciado que contin\u00faan con el cronograma de pago para los titulares del programa Potenciar Trabajo en el mes de abril de 2023. Este programa tiene como objetivo mejorar el empleo y generar nuevas propuestas productivas para promover la inclusi\u00f3n social plena de personas en situaci\u00f3n de vulnerabilidad social y econ\u00f3mica.<\/p>\n\n\n\n<p>Los beneficiarios de Potenciar Trabajo recibir\u00e1n $34.750 en el mes de abril de 2023. Para verificar el cobro, los titulares pueden ingresar a la aplicaci\u00f3n de Mi Argentina. Adem\u00e1s, se pueden comunicar con el Ministerio de Desarrollo Social a trav\u00e9s de diferentes medios como el n\u00famero de tel\u00e9fono 0800-222-3294 o al correo electr\u00f3nico <a href=\"mailto:economiasocialmds@desarrollosocial.gob.ar\">economiasocialmds@desarrollosocial.gob.ar<\/a>.<\/p>\n\n\n\n<p>Se debe agregar que en abril 2023, los beneficiarios de Potenciar Trabajo cobrar\u00e1n en todo el pa\u00eds con un 3% de aumento, llevando el monto a casi 35 mil pesos, m\u00e1s un bono extraordinario de 17 mil pesos. Este bono fue otorgado por el gobierno para asistir a aquellos que se encuentran en situaci\u00f3n de vulnerabilidad econ\u00f3mica y social. De esta manera, el programa Potenciar Trabajo contin\u00faa brindando su apoyo a aquellas personas que se encuentran en situaci\u00f3n de vulnerabilidad, contribuyendo a mejorar el empleo y generando nuevas propuestas productivas.<\/p>\n\n\n\n<p>Para inscribirse en Potenciar Trabajo, se debe ingresar al sitio web del Gobierno nacional, completar el formulario con los datos requeridos por el Renatep, y descargar el comprobante. Se deben tener en cuenta las incompatibilidades para ser titular del programa, como poseer m\u00e1s de 2 inmuebles o m\u00e1s de 3 autom\u00f3viles, y no superar el salario m\u00ednimo vital y m\u00f3vil en un trabajo en relaci\u00f3n de dependencia.<\/p>\n\n\n\n<p>Este plan es compatible con diferentes prestaciones y beneficios sociales, como la Asignaci\u00f3n Universal por Hijo, la Tarjeta Alimentar, el Monotributo Social, entre otros.<\/p>\n","protected":false},"excerpt":{"rendered":"<p>El Ministerio de Desarrollo Social y la ANSES han anunciado que contin\u00faan con el cronograma de pago para los titulares del programa Potenciar Trabajo en el mes de abril de 2023. Este programa tiene como objetivo mejorar el empleo y generar nuevas propuestas productivas para promover la inclusi\u00f3n social plena de personas en situaci\u00f3n de [&hellip;]<\/p>\n","protected":false},"author":4,"featured_media":116650,"comment_status":"closed","ping_status":"closed","sticky":false,"template":"","format":"standard","meta":{"om_disable_all_campaigns":false,"_jetpack_memberships_contains_paid_content":false,"footnotes":""},"categories":[101,2],"tags":[197,696,33,19],"class_list":["post-116645","post","type-post","status-publish","format-standard","has-post-thumbnail","hentry","category-interes-general-locales","category-locales","tag-buenos-aires","tag-interes-general","tag-locales","tag-san-pedro"],"aioseo_notices":[],"gutentor_comment":0,"jetpack_featured_media_url":"https:\/\/eldiariodesanpedro.com.ar\/sitio\/wp-content\/uploads\/2023\/04\/Potenciar-tarbajo.jpg","jetpack_shortlink":"https:\/\/wp.me\/p6RhLt-uln","jetpack_sharing_enabled":true,"_links":{"self":[{"href":"https:\/\/eldiariodesanpedro.com.ar\/sitio\/wp-json\/wp\/v2\/posts\/116645","targetHints":{"allow":["GET"]}}],"collection":[{"href":"https:\/\/eldiariodesanpedro.com.ar\/sitio\/wp-json\/wp\/v2\/posts"}],"about":[{"href":"https:\/\/eldiariodesanpedro.com.ar\/sitio\/wp-json\/wp\/v2\/types\/post"}],"author":[{"embeddable":true,"href":"https:\/\/eldiariodesanpedro.com.ar\/sitio\/wp-json\/wp\/v2\/users\/4"}],"replies":[{"embeddable":true,"href":"https:\/\/eldiariodesanpedro.com.ar\/sitio\/wp-json\/wp\/v2\/comments?post=116645"}],"version-history":[{"count":1,"href":"https:\/\/eldiariodesanpedro.com.ar\/sitio\/wp-json\/wp\/v2\/posts\/116645\/revisions"}],"predecessor-version":[{"id":116651,"href":"https:\/\/eldiariodesanpedro.com.ar\/sitio\/wp-json\/wp\/v2\/posts\/116645\/revisions\/116651"}],"wp:featuredmedia":[{"embeddable":true,"href":"https:\/\/eldiariodesanpedro.com.ar\/sitio\/wp-json\/wp\/v2\/media\/116650"}],"wp:attachment":[{"href":"https:\/\/eldiariodesanpedro.com.ar\/sitio\/wp-json\/wp\/v2\/media?parent=116645"}],"wp:term":[{"taxonomy":"category","embeddable":true,"href":"https:\/\/eldiariodesanpedro.com.ar\/sitio\/wp-json\/wp\/v2\/categories?post=116645"},{"taxonomy":"post_tag","embeddable":true,"href":"https:\/\/eldiariodesanpedro.com.ar\/sitio\/wp-json\/wp\/v2\/tags?post=116645"}],"curies":[{"name":"wp","href":"https:\/\/api.w.org\/{rel}","templated":true}]}}