{"id":116633,"date":"2023-04-05T15:27:09","date_gmt":"2023-04-05T18:27:09","guid":{"rendered":"https:\/\/eldiariodesanpedro.com.ar\/sitio\/?p=116633"},"modified":"2023-04-05T15:27:11","modified_gmt":"2023-04-05T18:27:11","slug":"el-hospital-establece-numero-alternativo-de-contacto-debido-a-inconvenientes-tecnicos-en-el-107","status":"publish","type":"post","link":"https:\/\/eldiariodesanpedro.com.ar\/sitio\/el-hospital-establece-numero-alternativo-de-contacto-debido-a-inconvenientes-tecnicos-en-el-107\/","title":{"rendered":"El Hospital establece n\u00famero alternativo de contacto debido a inconvenientes t\u00e9cnicos en el 107"},"content":{"rendered":"<!-- VideographyWP Plugin Message: Automatic video embedding prevented by plugin options. -->\n\n<p>La Secretar\u00eda de Salud de la Municipalidad de San Pedro ha emitido un comunicado informando sobre un contacto alternativo con el Hospital en caso de emergencias. Seg\u00fan el comunicado, la l\u00ednea de emergencias 107 ha experimentado algunos inconvenientes t\u00e9cnicos, y se ha establecido un n\u00famero  alternativo para recibir llamadas.<\/p>\n\n\n\n<p>Los ciudadanos que necesiten llamar a los servicios de emergencia pueden hacerlo a trav\u00e9s del n\u00famero 424-555 interno 219. Se espera que el servicio se restablezca a la brevedad posible. Mientras tanto, se pide a la comunidad que difunda este aviso para informar a otros miembros sobre el nuevo n\u00famero.<\/p>\n\n\n\n<p><\/p>\n","protected":false},"excerpt":{"rendered":"<p>La Secretar\u00eda de Salud de la Municipalidad de San Pedro ha emitido un comunicado informando sobre un contacto alternativo con el Hospital en caso de emergencias. Seg\u00fan el comunicado, la l\u00ednea de emergencias 107 ha experimentado algunos inconvenientes t\u00e9cnicos, y se ha establecido un n\u00famero alternativo para recibir llamadas. Los ciudadanos que necesiten llamar a [&hellip;]<\/p>\n","protected":false},"author":4,"featured_media":79647,"comment_status":"closed","ping_status":"closed","sticky":false,"template":"","format":"standard","meta":{"om_disable_all_campaigns":false,"_jetpack_memberships_contains_paid_content":false,"footnotes":""},"categories":[101,2],"tags":[197,33,95,19],"class_list":["post-116633","post","type-post","status-publish","format-standard","has-post-thumbnail","hentry","category-interes-general-locales","category-locales","tag-buenos-aires","tag-locales","tag-policiales","tag-san-pedro"],"aioseo_notices":[],"gutentor_comment":0,"jetpack_featured_media_url":"https:\/\/eldiariodesanpedro.com.ar\/sitio\/wp-content\/uploads\/2020\/08\/same.jpg","jetpack_shortlink":"https:\/\/wp.me\/p6RhLt-ulb","jetpack_sharing_enabled":true,"_links":{"self":[{"href":"https:\/\/eldiariodesanpedro.com.ar\/sitio\/wp-json\/wp\/v2\/posts\/116633","targetHints":{"allow":["GET"]}}],"collection":[{"href":"https:\/\/eldiariodesanpedro.com.ar\/sitio\/wp-json\/wp\/v2\/posts"}],"about":[{"href":"https:\/\/eldiariodesanpedro.com.ar\/sitio\/wp-json\/wp\/v2\/types\/post"}],"author":[{"embeddable":true,"href":"https:\/\/eldiariodesanpedro.com.ar\/sitio\/wp-json\/wp\/v2\/users\/4"}],"replies":[{"embeddable":true,"href":"https:\/\/eldiariodesanpedro.com.ar\/sitio\/wp-json\/wp\/v2\/comments?post=116633"}],"version-history":[{"count":1,"href":"https:\/\/eldiariodesanpedro.com.ar\/sitio\/wp-json\/wp\/v2\/posts\/116633\/revisions"}],"predecessor-version":[{"id":116634,"href":"https:\/\/eldiariodesanpedro.com.ar\/sitio\/wp-json\/wp\/v2\/posts\/116633\/revisions\/116634"}],"wp:featuredmedia":[{"embeddable":true,"href":"https:\/\/eldiariodesanpedro.com.ar\/sitio\/wp-json\/wp\/v2\/media\/79647"}],"wp:attachment":[{"href":"https:\/\/eldiariodesanpedro.com.ar\/sitio\/wp-json\/wp\/v2\/media?parent=116633"}],"wp:term":[{"taxonomy":"category","embeddable":true,"href":"https:\/\/eldiariodesanpedro.com.ar\/sitio\/wp-json\/wp\/v2\/categories?post=116633"},{"taxonomy":"post_tag","embeddable":true,"href":"https:\/\/eldiariodesanpedro.com.ar\/sitio\/wp-json\/wp\/v2\/tags?post=116633"}],"curies":[{"name":"wp","href":"https:\/\/api.w.org\/{rel}","templated":true}]}}