{"id":116631,"date":"2023-04-05T14:57:10","date_gmt":"2023-04-05T17:57:10","guid":{"rendered":"https:\/\/eldiariodesanpedro.com.ar\/sitio\/?p=116631"},"modified":"2023-04-05T14:57:11","modified_gmt":"2023-04-05T17:57:11","slug":"actividades-para-este-fin-de-semana-largo-de-semana-santa-en-san-pedro","status":"publish","type":"post","link":"https:\/\/eldiariodesanpedro.com.ar\/sitio\/actividades-para-este-fin-de-semana-largo-de-semana-santa-en-san-pedro\/","title":{"rendered":"Actividades para este fin de semana largo de Semana Santa en San Pedro"},"content":{"rendered":"<!-- VideographyWP Plugin Message: Automatic video embedding prevented by plugin options. -->\n\n<p>La Municipalidad de San Pedro comparte un resumen de las actividades programadas para el fin de semana largo de Semana Santa.<\/p>\n\n\n\n<p>Peatonal: En el centro de nuestra ciudad se llevar\u00e1 a cabo la conversi\u00f3n a peatonal de la calle Pellegrini, entre San Mart\u00edn y Las Heras y en Calle Oliveira Cesar, entre Salta y Pellegrini, ofreciendo shows en vivo y una amplia propuesta gastron\u00f3mica. Funcionar\u00e1 de jueves a s\u00e1bado, desde las 20 horas.<\/p>\n\n\n\n<p>Feria de Artesanos y Emprendedores en el Paseo P\u00fablico: De jueves a domingo se llevar\u00e1 a cabo la feria en el Paseo P\u00fablico Municipal que adem\u00e1s contar\u00e1 con un show de magia a la gorra a cargo de Mr. Splendini que ofrecer\u00e1 actos de ilusionismo, magia y humor para todas las edades.<\/p>\n\n\n\n<p>Feria de las Artes en plaza Belgrano: La tercera edici\u00f3n de la Feria de las Artes se desarrollar\u00e1 en la Plaza Belgrano de viernes a domingo y ofrecer\u00e1 una amplia variedad de espect\u00e1culos y actividades culturales adem\u00e1s de la feria de artesanos.<\/p>\n\n\n\n<p>Mercados Bonaerenses: Una nueva edici\u00f3n de Mercados Bonaerenses se llevar\u00e1 a cabo el s\u00e1bado 8 de abril en la Plaza Constituci\u00f3n (Hip\u00f3lito Yrigoyen entre Pellegrini y Mitre), desde las 10:00 hasta las 17:00 horas.<\/p>\n\n\n\n<p>Jes\u00fas de Nazaret el musical: El s\u00e1bado 8 de abril a partir de las 19:30 hs en el escenario natural al pie de las barrancas, frente al Paseo P\u00fablico Municipal se desarrollar\u00e1 el regreso del musical \u00abJes\u00fas de Nazaret\u00bb con entrada libre y gratuita.<\/p>\n\n\n\n<p>Buque Museo ARA Irigoyen: El Buque Museo recibir\u00e1 visitantes de jueves a domingo en el horario de 10 a 18 en la costanera (Av. Juan de Garay S\/N)<\/p>\n\n\n\n<p>Paseo de los T\u00faneles: Abierto al p\u00fablico de jueves a domingo en el horario de 10 a 18 hs. en el acceso Dr. N\u00e9stor Kirchner y San Mart\u00edn.<\/p>\n\n\n\n<p>Museo Hist\u00f3rico de la Batalla de Vuelta de Obligado: Ubicado en la Reserva Natural e hist\u00f3rica, refugio de vida silvestre en la localidad de Vuelta de Obligado, abrir\u00e1 sus puertas de jueves a domingo de 10 a 18 horas.<\/p>\n\n\n\n<p>Visitas guiadas por el casco hist\u00f3rico: Se realizar\u00e1n los d\u00edas s\u00e1bado 8 y domingo 9 a las 10 horas. El comienzo del recorrido ser\u00e1 desde la Casona de Turismo ubicada en Mitre y Liniers.<\/p>\n\n\n\n<p>Se informa adem\u00e1s que se encontrar\u00e1n abiertas al p\u00fablico de jueves a domingo las casillas de informes tur\u00edstico ubicadas en Mitre y Ruta 1001 de 9 a 16 hs. y en la Casona de Turismo ubicada en Mitre y Liniers en el horario de 9 a 20.<\/p>\n","protected":false},"excerpt":{"rendered":"<p>La Municipalidad de San Pedro comparte un resumen de las actividades programadas para el fin de semana largo de Semana Santa. Peatonal: En el centro de nuestra ciudad se llevar\u00e1 a cabo la conversi\u00f3n a peatonal de la calle Pellegrini, entre San Mart\u00edn y Las Heras y en Calle Oliveira Cesar, entre Salta y Pellegrini, [&hellip;]<\/p>\n","protected":false},"author":4,"featured_media":114743,"comment_status":"closed","ping_status":"closed","sticky":false,"template":"","format":"standard","meta":{"om_disable_all_campaigns":false,"_jetpack_memberships_contains_paid_content":false,"footnotes":""},"categories":[101,2],"tags":[3479,197,696,33,19],"class_list":["post-116631","post","type-post","status-publish","format-standard","has-post-thumbnail","hentry","category-interes-general-locales","category-locales","tag-actividades-para-este-fin-de-semana-largo-de-semana-santa-en-san-pedro","tag-buenos-aires","tag-interes-general","tag-locales","tag-san-pedro"],"aioseo_notices":[],"gutentor_comment":0,"jetpack_featured_media_url":"https:\/\/eldiariodesanpedro.com.ar\/sitio\/wp-content\/uploads\/2023\/02\/WhatsApp-Image-2023-02-06-at-09.23.37.jpeg","jetpack_shortlink":"https:\/\/wp.me\/p6RhLt-ul9","jetpack_sharing_enabled":true,"_links":{"self":[{"href":"https:\/\/eldiariodesanpedro.com.ar\/sitio\/wp-json\/wp\/v2\/posts\/116631","targetHints":{"allow":["GET"]}}],"collection":[{"href":"https:\/\/eldiariodesanpedro.com.ar\/sitio\/wp-json\/wp\/v2\/posts"}],"about":[{"href":"https:\/\/eldiariodesanpedro.com.ar\/sitio\/wp-json\/wp\/v2\/types\/post"}],"author":[{"embeddable":true,"href":"https:\/\/eldiariodesanpedro.com.ar\/sitio\/wp-json\/wp\/v2\/users\/4"}],"replies":[{"embeddable":true,"href":"https:\/\/eldiariodesanpedro.com.ar\/sitio\/wp-json\/wp\/v2\/comments?post=116631"}],"version-history":[{"count":1,"href":"https:\/\/eldiariodesanpedro.com.ar\/sitio\/wp-json\/wp\/v2\/posts\/116631\/revisions"}],"predecessor-version":[{"id":116632,"href":"https:\/\/eldiariodesanpedro.com.ar\/sitio\/wp-json\/wp\/v2\/posts\/116631\/revisions\/116632"}],"wp:featuredmedia":[{"embeddable":true,"href":"https:\/\/eldiariodesanpedro.com.ar\/sitio\/wp-json\/wp\/v2\/media\/114743"}],"wp:attachment":[{"href":"https:\/\/eldiariodesanpedro.com.ar\/sitio\/wp-json\/wp\/v2\/media?parent=116631"}],"wp:term":[{"taxonomy":"category","embeddable":true,"href":"https:\/\/eldiariodesanpedro.com.ar\/sitio\/wp-json\/wp\/v2\/categories?post=116631"},{"taxonomy":"post_tag","embeddable":true,"href":"https:\/\/eldiariodesanpedro.com.ar\/sitio\/wp-json\/wp\/v2\/tags?post=116631"}],"curies":[{"name":"wp","href":"https:\/\/api.w.org\/{rel}","templated":true}]}}