{"id":116626,"date":"2023-04-05T14:38:52","date_gmt":"2023-04-05T17:38:52","guid":{"rendered":"https:\/\/eldiariodesanpedro.com.ar\/sitio\/?p=116626"},"modified":"2023-04-05T14:38:53","modified_gmt":"2023-04-05T17:38:53","slug":"firman-contrato-para-el-dragado-de-mantenimiento-y-mejora-del-puerto-de-san-pedro","status":"publish","type":"post","link":"https:\/\/eldiariodesanpedro.com.ar\/sitio\/firman-contrato-para-el-dragado-de-mantenimiento-y-mejora-del-puerto-de-san-pedro\/","title":{"rendered":"Firman contrato para el dragado de mantenimiento y mejora del Puerto de San Pedro"},"content":{"rendered":"<!-- VideographyWP Plugin Message: Automatic video embedding prevented by plugin options. -->\n\n<p>En una importante reuni\u00f3n llevada a cabo en el Consorcio de Gesti\u00f3n del Puerto de San Pedro, se firm\u00f3 un contrato para la ejecuci\u00f3n del Dragado de Mantenimiento y Mejora del Vaso Portuario. El presidente del Consorcio, Eliseo Almada, firm\u00f3 el contrato con la empresa nacional Roma Port S.A., representada por su presidente, Eduardo Fabi\u00e1n Arca, en presencia del Intendente Municipal Cecilio Salazar.<\/p>\n\n\n\n<p>Antes de la firma del contrato, el Presidente del Consorcio agradeci\u00f3 al gobierno de la Provincia de Buenos Aires y al Intendente Salazar por su apoyo en la consecuci\u00f3n de este proyecto. El Intendente Salazar tambi\u00e9n expres\u00f3 su satisfacci\u00f3n por la reactivaci\u00f3n de esta obra, que es muy importante para la operatividad del Puerto y la continuidad de las fuentes de trabajo.<\/p>\n\n\n\n<p>El contrato se firm\u00f3 en base a una resoluci\u00f3n previa emitida por el presidente del Consorcio el 29 de marzo, y la obra licitada est\u00e1 bajo el expediente 07\/2022. La empresa Roma Port S.A. agradeci\u00f3 la confianza depositada en ellos y se comprometi\u00f3 a realizar el dragado en tiempo y forma.<\/p>\n\n\n\n<p>La obra principal comprende la profundizaci\u00f3n del canal de acceso desde el KM. 0.000 hasta el empalme con la ruta de navegaci\u00f3n troncal (KM 2.200), el frente del muelle cabecera, el sector de maniobras y la d\u00e1rsena de ultramar a una profundidad de 9.80 metros con respecto al cero local.<\/p>\n\n\n\n<p>Ahora, se espera la declaratoria de dragado que emitir\u00e1 la Subsecretar\u00eda de Puertos, V\u00edas Navegables y Marina Mercante del Ministerio de Transporte de la Naci\u00f3n para iniciar las tareas, que podr\u00edan comenzar en las pr\u00f3ximas dos semanas. Con esta obra, se espera mejorar la operatividad del Puerto y generar nuevas oportunidades de empleo en la zona.<\/p>\n\n\n\n<figure class=\"wp-block-image size-large\"><img decoding=\"async\" width=\"1024\" height=\"461\" data-attachment-id=\"116628\" data-permalink=\"https:\/\/eldiariodesanpedro.com.ar\/sitio\/firman-contrato-para-el-dragado-de-mantenimiento-y-mejora-del-puerto-de-san-pedro\/firma-contrato-dragado-3\/\" data-orig-file=\"https:\/\/eldiariodesanpedro.com.ar\/sitio\/wp-content\/uploads\/2023\/04\/Firma-Contrato-Dragado-3.jpeg\" data-orig-size=\"1200,540\" data-comments-opened=\"0\" data-image-meta=\"{&quot;aperture&quot;:&quot;0&quot;,&quot;credit&quot;:&quot;&quot;,&quot;camera&quot;:&quot;&quot;,&quot;caption&quot;:&quot;&quot;,&quot;created_timestamp&quot;:&quot;0&quot;,&quot;copyright&quot;:&quot;&quot;,&quot;focal_length&quot;:&quot;0&quot;,&quot;iso&quot;:&quot;0&quot;,&quot;shutter_speed&quot;:&quot;0&quot;,&quot;title&quot;:&quot;&quot;,&quot;orientation&quot;:&quot;0&quot;}\" data-image-title=\"Firma-Contrato-Dragado-3\" data-image-description=\"\" data-image-caption=\"\" data-large-file=\"https:\/\/eldiariodesanpedro.com.ar\/sitio\/wp-content\/uploads\/2023\/04\/Firma-Contrato-Dragado-3-1024x461.jpeg\" data-src=\"https:\/\/eldiariodesanpedro.com.ar\/sitio\/wp-content\/uploads\/2023\/04\/Firma-Contrato-Dragado-3-1024x461.jpeg\" alt=\"\" class=\"wp-image-116628 lazyload\" data-srcset=\"https:\/\/eldiariodesanpedro.com.ar\/sitio\/wp-content\/uploads\/2023\/04\/Firma-Contrato-Dragado-3-1024x461.jpeg 1024w, https:\/\/eldiariodesanpedro.com.ar\/sitio\/wp-content\/uploads\/2023\/04\/Firma-Contrato-Dragado-3-300x135.jpeg 300w, https:\/\/eldiariodesanpedro.com.ar\/sitio\/wp-content\/uploads\/2023\/04\/Firma-Contrato-Dragado-3-768x346.jpeg 768w, https:\/\/eldiariodesanpedro.com.ar\/sitio\/wp-content\/uploads\/2023\/04\/Firma-Contrato-Dragado-3.jpeg 1200w\" data-sizes=\"(max-width: 1024px) 100vw, 1024px\" src=\"data:image\/svg+xml;base64,PHN2ZyB3aWR0aD0iMSIgaGVpZ2h0PSIxIiB4bWxucz0iaHR0cDovL3d3dy53My5vcmcvMjAwMC9zdmciPjwvc3ZnPg==\" style=\"--smush-placeholder-width: 1024px; --smush-placeholder-aspect-ratio: 1024\/461;\" \/><\/figure>\n\n\n\n<figure class=\"wp-block-image size-large\"><img decoding=\"async\" width=\"1024\" height=\"461\" data-attachment-id=\"116629\" data-permalink=\"https:\/\/eldiariodesanpedro.com.ar\/sitio\/firman-contrato-para-el-dragado-de-mantenimiento-y-mejora-del-puerto-de-san-pedro\/firma-contrato-dragado-4\/\" data-orig-file=\"https:\/\/eldiariodesanpedro.com.ar\/sitio\/wp-content\/uploads\/2023\/04\/Firma-Contrato-Dragado-4.jpeg\" data-orig-size=\"1200,540\" data-comments-opened=\"0\" data-image-meta=\"{&quot;aperture&quot;:&quot;0&quot;,&quot;credit&quot;:&quot;&quot;,&quot;camera&quot;:&quot;&quot;,&quot;caption&quot;:&quot;&quot;,&quot;created_timestamp&quot;:&quot;0&quot;,&quot;copyright&quot;:&quot;&quot;,&quot;focal_length&quot;:&quot;0&quot;,&quot;iso&quot;:&quot;0&quot;,&quot;shutter_speed&quot;:&quot;0&quot;,&quot;title&quot;:&quot;&quot;,&quot;orientation&quot;:&quot;0&quot;}\" data-image-title=\"Firma Contrato Dragado (4)\" data-image-description=\"\" data-image-caption=\"\" data-large-file=\"https:\/\/eldiariodesanpedro.com.ar\/sitio\/wp-content\/uploads\/2023\/04\/Firma-Contrato-Dragado-4-1024x461.jpeg\" data-src=\"https:\/\/eldiariodesanpedro.com.ar\/sitio\/wp-content\/uploads\/2023\/04\/Firma-Contrato-Dragado-4-1024x461.jpeg\" alt=\"\" class=\"wp-image-116629 lazyload\" data-srcset=\"https:\/\/eldiariodesanpedro.com.ar\/sitio\/wp-content\/uploads\/2023\/04\/Firma-Contrato-Dragado-4-1024x461.jpeg 1024w, https:\/\/eldiariodesanpedro.com.ar\/sitio\/wp-content\/uploads\/2023\/04\/Firma-Contrato-Dragado-4-300x135.jpeg 300w, https:\/\/eldiariodesanpedro.com.ar\/sitio\/wp-content\/uploads\/2023\/04\/Firma-Contrato-Dragado-4-768x346.jpeg 768w, https:\/\/eldiariodesanpedro.com.ar\/sitio\/wp-content\/uploads\/2023\/04\/Firma-Contrato-Dragado-4.jpeg 1200w\" data-sizes=\"(max-width: 1024px) 100vw, 1024px\" src=\"data:image\/svg+xml;base64,PHN2ZyB3aWR0aD0iMSIgaGVpZ2h0PSIxIiB4bWxucz0iaHR0cDovL3d3dy53My5vcmcvMjAwMC9zdmciPjwvc3ZnPg==\" style=\"--smush-placeholder-width: 1024px; --smush-placeholder-aspect-ratio: 1024\/461;\" \/><\/figure>\n\n\n\n<figure class=\"wp-block-image size-large\"><img decoding=\"async\" width=\"1024\" height=\"461\" data-attachment-id=\"116627\" data-permalink=\"https:\/\/eldiariodesanpedro.com.ar\/sitio\/firman-contrato-para-el-dragado-de-mantenimiento-y-mejora-del-puerto-de-san-pedro\/firma-contrato-dragado-7\/\" data-orig-file=\"https:\/\/eldiariodesanpedro.com.ar\/sitio\/wp-content\/uploads\/2023\/04\/Firma-Contrato-Dragado-7.jpeg\" data-orig-size=\"1200,540\" data-comments-opened=\"0\" data-image-meta=\"{&quot;aperture&quot;:&quot;0&quot;,&quot;credit&quot;:&quot;&quot;,&quot;camera&quot;:&quot;&quot;,&quot;caption&quot;:&quot;&quot;,&quot;created_timestamp&quot;:&quot;0&quot;,&quot;copyright&quot;:&quot;&quot;,&quot;focal_length&quot;:&quot;0&quot;,&quot;iso&quot;:&quot;0&quot;,&quot;shutter_speed&quot;:&quot;0&quot;,&quot;title&quot;:&quot;&quot;,&quot;orientation&quot;:&quot;0&quot;}\" data-image-title=\"Firma Contrato Dragado (7)\" data-image-description=\"\" data-image-caption=\"\" data-large-file=\"https:\/\/eldiariodesanpedro.com.ar\/sitio\/wp-content\/uploads\/2023\/04\/Firma-Contrato-Dragado-7-1024x461.jpeg\" data-src=\"https:\/\/eldiariodesanpedro.com.ar\/sitio\/wp-content\/uploads\/2023\/04\/Firma-Contrato-Dragado-7-1024x461.jpeg\" alt=\"\" class=\"wp-image-116627 lazyload\" data-srcset=\"https:\/\/eldiariodesanpedro.com.ar\/sitio\/wp-content\/uploads\/2023\/04\/Firma-Contrato-Dragado-7-1024x461.jpeg 1024w, https:\/\/eldiariodesanpedro.com.ar\/sitio\/wp-content\/uploads\/2023\/04\/Firma-Contrato-Dragado-7-300x135.jpeg 300w, https:\/\/eldiariodesanpedro.com.ar\/sitio\/wp-content\/uploads\/2023\/04\/Firma-Contrato-Dragado-7-768x346.jpeg 768w, https:\/\/eldiariodesanpedro.com.ar\/sitio\/wp-content\/uploads\/2023\/04\/Firma-Contrato-Dragado-7.jpeg 1200w\" data-sizes=\"(max-width: 1024px) 100vw, 1024px\" src=\"data:image\/svg+xml;base64,PHN2ZyB3aWR0aD0iMSIgaGVpZ2h0PSIxIiB4bWxucz0iaHR0cDovL3d3dy53My5vcmcvMjAwMC9zdmciPjwvc3ZnPg==\" style=\"--smush-placeholder-width: 1024px; --smush-placeholder-aspect-ratio: 1024\/461;\" \/><\/figure>\n","protected":false},"excerpt":{"rendered":"<p>En una importante reuni\u00f3n llevada a cabo en el Consorcio de Gesti\u00f3n del Puerto de San Pedro, se firm\u00f3 un contrato para la ejecuci\u00f3n del Dragado de Mantenimiento y Mejora del Vaso Portuario. El presidente del Consorcio, Eliseo Almada, firm\u00f3 el contrato con la empresa nacional Roma Port S.A., representada por su presidente, Eduardo Fabi\u00e1n [&hellip;]<\/p>\n","protected":false},"author":4,"featured_media":116627,"comment_status":"closed","ping_status":"closed","sticky":false,"template":"","format":"standard","meta":{"om_disable_all_campaigns":false,"_jetpack_memberships_contains_paid_content":false,"footnotes":""},"categories":[50,101,2],"tags":[197,3478,696,33,19],"class_list":["post-116626","post","type-post","status-publish","format-standard","has-post-thumbnail","hentry","category-destacadas","category-interes-general-locales","category-locales","tag-buenos-aires","tag-firman-contrato-para-el-dragado-de-mantenimiento-y-mejora-del-puerto-de-san-pedro","tag-interes-general","tag-locales","tag-san-pedro"],"aioseo_notices":[],"gutentor_comment":0,"jetpack_featured_media_url":"https:\/\/eldiariodesanpedro.com.ar\/sitio\/wp-content\/uploads\/2023\/04\/Firma-Contrato-Dragado-7.jpeg","jetpack_shortlink":"https:\/\/wp.me\/p6RhLt-ul4","jetpack_sharing_enabled":true,"_links":{"self":[{"href":"https:\/\/eldiariodesanpedro.com.ar\/sitio\/wp-json\/wp\/v2\/posts\/116626","targetHints":{"allow":["GET"]}}],"collection":[{"href":"https:\/\/eldiariodesanpedro.com.ar\/sitio\/wp-json\/wp\/v2\/posts"}],"about":[{"href":"https:\/\/eldiariodesanpedro.com.ar\/sitio\/wp-json\/wp\/v2\/types\/post"}],"author":[{"embeddable":true,"href":"https:\/\/eldiariodesanpedro.com.ar\/sitio\/wp-json\/wp\/v2\/users\/4"}],"replies":[{"embeddable":true,"href":"https:\/\/eldiariodesanpedro.com.ar\/sitio\/wp-json\/wp\/v2\/comments?post=116626"}],"version-history":[{"count":1,"href":"https:\/\/eldiariodesanpedro.com.ar\/sitio\/wp-json\/wp\/v2\/posts\/116626\/revisions"}],"predecessor-version":[{"id":116630,"href":"https:\/\/eldiariodesanpedro.com.ar\/sitio\/wp-json\/wp\/v2\/posts\/116626\/revisions\/116630"}],"wp:featuredmedia":[{"embeddable":true,"href":"https:\/\/eldiariodesanpedro.com.ar\/sitio\/wp-json\/wp\/v2\/media\/116627"}],"wp:attachment":[{"href":"https:\/\/eldiariodesanpedro.com.ar\/sitio\/wp-json\/wp\/v2\/media?parent=116626"}],"wp:term":[{"taxonomy":"category","embeddable":true,"href":"https:\/\/eldiariodesanpedro.com.ar\/sitio\/wp-json\/wp\/v2\/categories?post=116626"},{"taxonomy":"post_tag","embeddable":true,"href":"https:\/\/eldiariodesanpedro.com.ar\/sitio\/wp-json\/wp\/v2\/tags?post=116626"}],"curies":[{"name":"wp","href":"https:\/\/api.w.org\/{rel}","templated":true}]}}