{"id":116614,"date":"2023-04-05T11:59:01","date_gmt":"2023-04-05T14:59:01","guid":{"rendered":"https:\/\/eldiariodesanpedro.com.ar\/sitio\/?p=116614"},"modified":"2023-04-05T11:59:02","modified_gmt":"2023-04-05T14:59:02","slug":"joven-de-15-anos-es-aprehendido-tras-allanamiento-por-el-robo-en-una-vivienda","status":"publish","type":"post","link":"https:\/\/eldiariodesanpedro.com.ar\/sitio\/joven-de-15-anos-es-aprehendido-tras-allanamiento-por-el-robo-en-una-vivienda\/","title":{"rendered":"Joven de 15 a\u00f1os es aprehendido tras allanamiento por el robo en una vivienda"},"content":{"rendered":"<!-- VideographyWP Plugin Message: Automatic video embedding prevented by plugin options. -->\n\n<p>En una operaci\u00f3n llevada a cabo por el grupo t\u00e1ctico operativo (GTO) de la polic\u00eda local de San Pedro, se logr\u00f3 la aprehensi\u00f3n de un joven de 15 a\u00f1os de edad por su presunta implicaci\u00f3n en el robo de pertenencias de una vivienda en la zona.<\/p>\n\n\n\n<p>Luego de una investigaci\u00f3n exhaustiva, la polic\u00eda realiz\u00f3 dos allanamientos en la calle Carlos Gardel al 200 y Arist\u00f3bulo de Valle al 300 de la ciudad, los cuales dieron como resultado la recuperaci\u00f3n de un par de zapatillas y partes de una motocicleta que hab\u00edan sido sustra\u00eddas de la vivienda en cuesti\u00f3n.<\/p>\n\n\n\n<p>El menor, cuya identidad no puede ser revelada, fue notificado de la formaci\u00f3n de la causa y entregado a sus progenitores. La Unidad Fiscal de Instrucci\u00f3n del Joven de San Nicolas ha tomado el caso y se espera que se tomen medidas adicionales en las pr\u00f3ximas semanas.<\/p>\n\n\n\n<p>La r\u00e1pida respuesta y acci\u00f3n de las autoridades ha permitido que el responsable sea identificado y puesto a disposici\u00f3n de la justicia.<\/p>\n","protected":false},"excerpt":{"rendered":"<p>En una operaci\u00f3n llevada a cabo por el grupo t\u00e1ctico operativo (GTO) de la polic\u00eda local de San Pedro, se logr\u00f3 la aprehensi\u00f3n de un joven de 15 a\u00f1os de edad por su presunta implicaci\u00f3n en el robo de pertenencias de una vivienda en la zona. Luego de una investigaci\u00f3n exhaustiva, la polic\u00eda realiz\u00f3 dos [&hellip;]<\/p>\n","protected":false},"author":4,"featured_media":116617,"comment_status":"closed","ping_status":"closed","sticky":false,"template":"","format":"standard","meta":{"om_disable_all_campaigns":false,"_jetpack_memberships_contains_paid_content":false,"footnotes":""},"categories":[2,103],"tags":[197,33,95,19],"class_list":["post-116614","post","type-post","status-publish","format-standard","has-post-thumbnail","hentry","category-locales","category-policiales-locales","tag-buenos-aires","tag-locales","tag-policiales","tag-san-pedro"],"aioseo_notices":[],"gutentor_comment":0,"jetpack_featured_media_url":"https:\/\/eldiariodesanpedro.com.ar\/sitio\/wp-content\/uploads\/2023\/04\/medida-4.jpg","jetpack_shortlink":"https:\/\/wp.me\/p6RhLt-ukS","jetpack_sharing_enabled":true,"_links":{"self":[{"href":"https:\/\/eldiariodesanpedro.com.ar\/sitio\/wp-json\/wp\/v2\/posts\/116614","targetHints":{"allow":["GET"]}}],"collection":[{"href":"https:\/\/eldiariodesanpedro.com.ar\/sitio\/wp-json\/wp\/v2\/posts"}],"about":[{"href":"https:\/\/eldiariodesanpedro.com.ar\/sitio\/wp-json\/wp\/v2\/types\/post"}],"author":[{"embeddable":true,"href":"https:\/\/eldiariodesanpedro.com.ar\/sitio\/wp-json\/wp\/v2\/users\/4"}],"replies":[{"embeddable":true,"href":"https:\/\/eldiariodesanpedro.com.ar\/sitio\/wp-json\/wp\/v2\/comments?post=116614"}],"version-history":[{"count":1,"href":"https:\/\/eldiariodesanpedro.com.ar\/sitio\/wp-json\/wp\/v2\/posts\/116614\/revisions"}],"predecessor-version":[{"id":116618,"href":"https:\/\/eldiariodesanpedro.com.ar\/sitio\/wp-json\/wp\/v2\/posts\/116614\/revisions\/116618"}],"wp:featuredmedia":[{"embeddable":true,"href":"https:\/\/eldiariodesanpedro.com.ar\/sitio\/wp-json\/wp\/v2\/media\/116617"}],"wp:attachment":[{"href":"https:\/\/eldiariodesanpedro.com.ar\/sitio\/wp-json\/wp\/v2\/media?parent=116614"}],"wp:term":[{"taxonomy":"category","embeddable":true,"href":"https:\/\/eldiariodesanpedro.com.ar\/sitio\/wp-json\/wp\/v2\/categories?post=116614"},{"taxonomy":"post_tag","embeddable":true,"href":"https:\/\/eldiariodesanpedro.com.ar\/sitio\/wp-json\/wp\/v2\/tags?post=116614"}],"curies":[{"name":"wp","href":"https:\/\/api.w.org\/{rel}","templated":true}]}}