{"id":116610,"date":"2023-04-05T11:35:29","date_gmt":"2023-04-05T14:35:29","guid":{"rendered":"https:\/\/eldiariodesanpedro.com.ar\/sitio\/?p=116610"},"modified":"2023-04-05T11:35:30","modified_gmt":"2023-04-05T14:35:30","slug":"aprehenden-a-hombre-y-decomisan-arma-en-allanamiento-en-rio-tala","status":"publish","type":"post","link":"https:\/\/eldiariodesanpedro.com.ar\/sitio\/aprehenden-a-hombre-y-decomisan-arma-en-allanamiento-en-rio-tala\/","title":{"rendered":"Aprehenden a hombre y decomisan arma en allanamiento en Rio Tala"},"content":{"rendered":"<!-- VideographyWP Plugin Message: Automatic video embedding prevented by plugin options. -->\n\n<p>En una diligencia de allanamiento llevada a cabo ayer por la tarde en el barrio Bajo Tala, personal del destacamento de Rio Tala y La Tosquera, decomisaron una escopeta calibre 16 de dos ca\u00f1os y un cartucho del mismo calibre, y aprehendieron a un hombre de 44 a\u00f1os de edad.<\/p>\n\n\n\n<p>La orden de allanamiento fue emitida por el Juzgado de garant\u00edas Nro. 2 y la intervenci\u00f3n de la UFI 11 qued\u00f3 a cargo del caso.<\/p>\n\n\n\n<p>Tras notificar al hombre de la formaci\u00f3n de la causa, fue puesto en libertad.<\/p>\n\n\n\n<figure class=\"wp-block-image size-full is-resized\"><img decoding=\"async\" data-attachment-id=\"116612\" data-permalink=\"https:\/\/eldiariodesanpedro.com.ar\/sitio\/aprehenden-a-hombre-y-decomisan-arma-en-allanamiento-en-rio-tala\/1-266\/\" data-orig-file=\"https:\/\/eldiariodesanpedro.com.ar\/sitio\/wp-content\/uploads\/2023\/04\/1.jpg\" data-orig-size=\"325,433\" data-comments-opened=\"0\" data-image-meta=\"{&quot;aperture&quot;:&quot;0&quot;,&quot;credit&quot;:&quot;&quot;,&quot;camera&quot;:&quot;&quot;,&quot;caption&quot;:&quot;&quot;,&quot;created_timestamp&quot;:&quot;0&quot;,&quot;copyright&quot;:&quot;&quot;,&quot;focal_length&quot;:&quot;0&quot;,&quot;iso&quot;:&quot;0&quot;,&quot;shutter_speed&quot;:&quot;0&quot;,&quot;title&quot;:&quot;&quot;,&quot;orientation&quot;:&quot;0&quot;}\" data-image-title=\"1\" data-image-description=\"\" data-image-caption=\"\" data-large-file=\"https:\/\/eldiariodesanpedro.com.ar\/sitio\/wp-content\/uploads\/2023\/04\/1.jpg\" data-src=\"https:\/\/eldiariodesanpedro.com.ar\/sitio\/wp-content\/uploads\/2023\/04\/1.jpg\" alt=\"\" class=\"wp-image-116612 lazyload\" width=\"488\" height=\"650\" data-srcset=\"https:\/\/eldiariodesanpedro.com.ar\/sitio\/wp-content\/uploads\/2023\/04\/1.jpg 325w, https:\/\/eldiariodesanpedro.com.ar\/sitio\/wp-content\/uploads\/2023\/04\/1-225x300.jpg 225w\" data-sizes=\"(max-width: 488px) 100vw, 488px\" src=\"data:image\/svg+xml;base64,PHN2ZyB3aWR0aD0iMSIgaGVpZ2h0PSIxIiB4bWxucz0iaHR0cDovL3d3dy53My5vcmcvMjAwMC9zdmciPjwvc3ZnPg==\" style=\"--smush-placeholder-width: 488px; --smush-placeholder-aspect-ratio: 488\/650;\" \/><\/figure>\n","protected":false},"excerpt":{"rendered":"<p>En una diligencia de allanamiento llevada a cabo ayer por la tarde en el barrio Bajo Tala, personal del destacamento de Rio Tala y La Tosquera, decomisaron una escopeta calibre 16 de dos ca\u00f1os y un cartucho del mismo calibre, y aprehendieron a un hombre de 44 a\u00f1os de edad. La orden de allanamiento fue [&hellip;]<\/p>\n","protected":false},"author":4,"featured_media":116611,"comment_status":"closed","ping_status":"closed","sticky":false,"template":"","format":"standard","meta":{"om_disable_all_campaigns":false,"_jetpack_memberships_contains_paid_content":false,"footnotes":""},"categories":[2,103],"tags":[197,33,95,19],"class_list":["post-116610","post","type-post","status-publish","format-standard","has-post-thumbnail","hentry","category-locales","category-policiales-locales","tag-buenos-aires","tag-locales","tag-policiales","tag-san-pedro"],"aioseo_notices":[],"gutentor_comment":0,"jetpack_featured_media_url":"https:\/\/eldiariodesanpedro.com.ar\/sitio\/wp-content\/uploads\/2023\/04\/medida-2.jpg","jetpack_shortlink":"https:\/\/wp.me\/p6RhLt-ukO","jetpack_sharing_enabled":true,"_links":{"self":[{"href":"https:\/\/eldiariodesanpedro.com.ar\/sitio\/wp-json\/wp\/v2\/posts\/116610","targetHints":{"allow":["GET"]}}],"collection":[{"href":"https:\/\/eldiariodesanpedro.com.ar\/sitio\/wp-json\/wp\/v2\/posts"}],"about":[{"href":"https:\/\/eldiariodesanpedro.com.ar\/sitio\/wp-json\/wp\/v2\/types\/post"}],"author":[{"embeddable":true,"href":"https:\/\/eldiariodesanpedro.com.ar\/sitio\/wp-json\/wp\/v2\/users\/4"}],"replies":[{"embeddable":true,"href":"https:\/\/eldiariodesanpedro.com.ar\/sitio\/wp-json\/wp\/v2\/comments?post=116610"}],"version-history":[{"count":1,"href":"https:\/\/eldiariodesanpedro.com.ar\/sitio\/wp-json\/wp\/v2\/posts\/116610\/revisions"}],"predecessor-version":[{"id":116613,"href":"https:\/\/eldiariodesanpedro.com.ar\/sitio\/wp-json\/wp\/v2\/posts\/116610\/revisions\/116613"}],"wp:featuredmedia":[{"embeddable":true,"href":"https:\/\/eldiariodesanpedro.com.ar\/sitio\/wp-json\/wp\/v2\/media\/116611"}],"wp:attachment":[{"href":"https:\/\/eldiariodesanpedro.com.ar\/sitio\/wp-json\/wp\/v2\/media?parent=116610"}],"wp:term":[{"taxonomy":"category","embeddable":true,"href":"https:\/\/eldiariodesanpedro.com.ar\/sitio\/wp-json\/wp\/v2\/categories?post=116610"},{"taxonomy":"post_tag","embeddable":true,"href":"https:\/\/eldiariodesanpedro.com.ar\/sitio\/wp-json\/wp\/v2\/tags?post=116610"}],"curies":[{"name":"wp","href":"https:\/\/api.w.org\/{rel}","templated":true}]}}