{"id":116608,"date":"2023-04-05T11:24:06","date_gmt":"2023-04-05T14:24:06","guid":{"rendered":"https:\/\/eldiariodesanpedro.com.ar\/sitio\/?p=116608"},"modified":"2023-04-05T11:24:08","modified_gmt":"2023-04-05T14:24:08","slug":"autoridades-investigan-ataque-a-anciano-en-davila-al-700","status":"publish","type":"post","link":"https:\/\/eldiariodesanpedro.com.ar\/sitio\/autoridades-investigan-ataque-a-anciano-en-davila-al-700\/","title":{"rendered":"Autoridades investigan ataque a anciano en D\u00e1vila al 700"},"content":{"rendered":"<!-- VideographyWP Plugin Message: Automatic video embedding prevented by plugin options. -->\n\n<p>En las \u00faltimas horas, ha trascendido una noticia preocupante en la localidad, en una vivienda ubicada&nbsp; en calle D\u00e1vila al 700. Un ciudadano de 78 a\u00f1os denunci\u00f3 en horas de la tarde de ayer que el d\u00eda lunes pasado, alrededor de las 20:30 horas, sufri\u00f3 un violento ataque en su domicilio.<\/p>\n\n\n\n<p>Seg\u00fan el testimonio del denunciante, autores ignorados arrojaron una caja de cart\u00f3n con una piedra y una nota en su interior, donde se le hac\u00edan referencia a amenazas. Si bien el hombre desconoce los motivos del hecho, sospecha sobre el autor.<\/p>\n\n\n\n<p>El caso est\u00e1 siendo investigado por la Unidad Funcional de Instrucci\u00f3n n\u00famero 11, que ya ha tomado cartas en el asunto para esclarecer lo sucedido.&nbsp;<\/p>\n\n\n\n<p>La polic\u00eda local ha iniciado una investigaci\u00f3n exhaustiva para identificar a los responsables del ataque y llevarlos ante la justicia. En tanto, se espera que en los pr\u00f3ximos d\u00edas se conozcan m\u00e1s detalles sobre el caso y se pueda aclarar la situaci\u00f3n.<\/p>\n","protected":false},"excerpt":{"rendered":"<p>En las \u00faltimas horas, ha trascendido una noticia preocupante en la localidad, en una vivienda ubicada&nbsp; en calle D\u00e1vila al 700. Un ciudadano de 78 a\u00f1os denunci\u00f3 en horas de la tarde de ayer que el d\u00eda lunes pasado, alrededor de las 20:30 horas, sufri\u00f3 un violento ataque en su domicilio. Seg\u00fan el testimonio del [&hellip;]<\/p>\n","protected":false},"author":4,"featured_media":45394,"comment_status":"closed","ping_status":"closed","sticky":false,"template":"","format":"standard","meta":{"om_disable_all_campaigns":false,"_jetpack_memberships_contains_paid_content":false,"footnotes":""},"categories":[2,103],"tags":[3476,197,696,33,19],"class_list":["post-116608","post","type-post","status-publish","format-standard","has-post-thumbnail","hentry","category-locales","category-policiales-locales","tag-autoridades-investigan-ataque-a-anciano-en-davila-al-700","tag-buenos-aires","tag-interes-general","tag-locales","tag-san-pedro"],"aioseo_notices":[],"gutentor_comment":0,"jetpack_featured_media_url":"https:\/\/eldiariodesanpedro.com.ar\/sitio\/wp-content\/uploads\/2019\/01\/comisaria.jpg","jetpack_shortlink":"https:\/\/wp.me\/p6RhLt-ukM","jetpack_sharing_enabled":true,"_links":{"self":[{"href":"https:\/\/eldiariodesanpedro.com.ar\/sitio\/wp-json\/wp\/v2\/posts\/116608","targetHints":{"allow":["GET"]}}],"collection":[{"href":"https:\/\/eldiariodesanpedro.com.ar\/sitio\/wp-json\/wp\/v2\/posts"}],"about":[{"href":"https:\/\/eldiariodesanpedro.com.ar\/sitio\/wp-json\/wp\/v2\/types\/post"}],"author":[{"embeddable":true,"href":"https:\/\/eldiariodesanpedro.com.ar\/sitio\/wp-json\/wp\/v2\/users\/4"}],"replies":[{"embeddable":true,"href":"https:\/\/eldiariodesanpedro.com.ar\/sitio\/wp-json\/wp\/v2\/comments?post=116608"}],"version-history":[{"count":1,"href":"https:\/\/eldiariodesanpedro.com.ar\/sitio\/wp-json\/wp\/v2\/posts\/116608\/revisions"}],"predecessor-version":[{"id":116609,"href":"https:\/\/eldiariodesanpedro.com.ar\/sitio\/wp-json\/wp\/v2\/posts\/116608\/revisions\/116609"}],"wp:featuredmedia":[{"embeddable":true,"href":"https:\/\/eldiariodesanpedro.com.ar\/sitio\/wp-json\/wp\/v2\/media\/45394"}],"wp:attachment":[{"href":"https:\/\/eldiariodesanpedro.com.ar\/sitio\/wp-json\/wp\/v2\/media?parent=116608"}],"wp:term":[{"taxonomy":"category","embeddable":true,"href":"https:\/\/eldiariodesanpedro.com.ar\/sitio\/wp-json\/wp\/v2\/categories?post=116608"},{"taxonomy":"post_tag","embeddable":true,"href":"https:\/\/eldiariodesanpedro.com.ar\/sitio\/wp-json\/wp\/v2\/tags?post=116608"}],"curies":[{"name":"wp","href":"https:\/\/api.w.org\/{rel}","templated":true}]}}