{"id":116600,"date":"2023-04-05T11:09:16","date_gmt":"2023-04-05T14:09:16","guid":{"rendered":"https:\/\/eldiariodesanpedro.com.ar\/sitio\/?p=116600"},"modified":"2023-04-05T11:13:30","modified_gmt":"2023-04-05T14:13:30","slug":"san-pedro-celebra-la-semana-de-la-salud-con-talleres-de-interculturalidad-y-nutricion","status":"publish","type":"post","link":"https:\/\/eldiariodesanpedro.com.ar\/sitio\/san-pedro-celebra-la-semana-de-la-salud-con-talleres-de-interculturalidad-y-nutricion\/","title":{"rendered":"San Pedro celebra la Semana de la Salud con talleres de interculturalidad y nutrici\u00f3n"},"content":{"rendered":"<!-- VideographyWP Plugin Message: Automatic video embedding prevented by plugin options. -->\n\n<p>En el marco de la Semana de la Salud que se est\u00e1 llevando a cabo en la ciudad de San Pedro, se realiz\u00f3 este martes en el Polo Cultural un Taller de Interculturalidad y Nutrici\u00f3n, con la participaci\u00f3n de nutricionistas y asistentes sociales. La actividad estuvo coordinada por Dalagaic Piogonac y cont\u00f3 con la presencia del equipo de Salud Intercultural, que se encarga de difundir y visibilizar la importancia de la nutrici\u00f3n en la comunidad.<\/p>\n\n\n\n<p>Durante el taller, se llevaron a cabo degustaciones de alimentos tradicionales ind\u00edgenas y se brindaron charlas sobre su preparaci\u00f3n y beneficios para la salud. La idea de estas actividades es seguir enriqueciendo la salud inclusiva e intercultural de San Pedro.<\/p>\n\n\n\n<p>La Semana de la Salud continuar\u00e1 hoy en la ciudad de Santa Luc\u00eda con una jornada de vacunaci\u00f3n en el Hospital, en la que se aplicar\u00e1n dosis del esquema obligatorio. En San Pedro, por su parte, se instalar\u00e1 un puesto sanitario en la calle Irigoyen entre Mitre y Pellegrini, donde se realizar\u00e1n controles m\u00e9dicos y se promover\u00e1 la salud en colaboraci\u00f3n con Cruz Roja y Gr\u00e1vida. Tambi\u00e9n se reiterar\u00e1n los controles oftalmol\u00f3gicos de 9 a 14 horas.<\/p>\n\n\n\n<p>En definitiva, estas actividades son una muestra del compromiso de la comunidad de San Pedro por promover una salud inclusiva e intercultural, fomentando la educaci\u00f3n en nutrici\u00f3n y llevando adelante jornadas de prevenci\u00f3n y cuidado de la salud en distintos puntos de la ciudad.<\/p>\n\n\n\n<figure class=\"wp-block-image size-full\"><img decoding=\"async\" width=\"840\" height=\"630\" data-attachment-id=\"116603\" data-permalink=\"https:\/\/eldiariodesanpedro.com.ar\/sitio\/san-pedro-celebra-la-semana-de-la-salud-con-talleres-de-interculturalidad-y-nutricion\/whatsapp-image-2023-04-05-at-08-31-18\/\" data-orig-file=\"https:\/\/eldiariodesanpedro.com.ar\/sitio\/wp-content\/uploads\/2023\/04\/WhatsApp-Image-2023-04-05-at-08.31.18.jpeg\" data-orig-size=\"840,630\" data-comments-opened=\"0\" data-image-meta=\"{&quot;aperture&quot;:&quot;0&quot;,&quot;credit&quot;:&quot;&quot;,&quot;camera&quot;:&quot;&quot;,&quot;caption&quot;:&quot;&quot;,&quot;created_timestamp&quot;:&quot;0&quot;,&quot;copyright&quot;:&quot;&quot;,&quot;focal_length&quot;:&quot;0&quot;,&quot;iso&quot;:&quot;0&quot;,&quot;shutter_speed&quot;:&quot;0&quot;,&quot;title&quot;:&quot;&quot;,&quot;orientation&quot;:&quot;0&quot;}\" data-image-title=\"WhatsApp Image 2023-04-05 at 08.31.18\" data-image-description=\"\" data-image-caption=\"\" data-large-file=\"https:\/\/eldiariodesanpedro.com.ar\/sitio\/wp-content\/uploads\/2023\/04\/WhatsApp-Image-2023-04-05-at-08.31.18.jpeg\" data-src=\"https:\/\/eldiariodesanpedro.com.ar\/sitio\/wp-content\/uploads\/2023\/04\/WhatsApp-Image-2023-04-05-at-08.31.18.jpeg\" alt=\"\" class=\"wp-image-116603 lazyload\" data-srcset=\"https:\/\/eldiariodesanpedro.com.ar\/sitio\/wp-content\/uploads\/2023\/04\/WhatsApp-Image-2023-04-05-at-08.31.18.jpeg 840w, https:\/\/eldiariodesanpedro.com.ar\/sitio\/wp-content\/uploads\/2023\/04\/WhatsApp-Image-2023-04-05-at-08.31.18-300x225.jpeg 300w, https:\/\/eldiariodesanpedro.com.ar\/sitio\/wp-content\/uploads\/2023\/04\/WhatsApp-Image-2023-04-05-at-08.31.18-768x576.jpeg 768w, https:\/\/eldiariodesanpedro.com.ar\/sitio\/wp-content\/uploads\/2023\/04\/WhatsApp-Image-2023-04-05-at-08.31.18-272x204.jpeg 272w\" data-sizes=\"(max-width: 840px) 100vw, 840px\" src=\"data:image\/svg+xml;base64,PHN2ZyB3aWR0aD0iMSIgaGVpZ2h0PSIxIiB4bWxucz0iaHR0cDovL3d3dy53My5vcmcvMjAwMC9zdmciPjwvc3ZnPg==\" style=\"--smush-placeholder-width: 840px; --smush-placeholder-aspect-ratio: 840\/630;\" \/><\/figure>\n\n\n\n<figure class=\"wp-block-image size-full\"><img decoding=\"async\" width=\"473\" height=\"630\" data-attachment-id=\"116606\" data-permalink=\"https:\/\/eldiariodesanpedro.com.ar\/sitio\/san-pedro-celebra-la-semana-de-la-salud-con-talleres-de-interculturalidad-y-nutricion\/whatsapp-image-2023-04-05-at-08-31-19\/\" data-orig-file=\"https:\/\/eldiariodesanpedro.com.ar\/sitio\/wp-content\/uploads\/2023\/04\/WhatsApp-Image-2023-04-05-at-08.31.19.jpeg\" data-orig-size=\"473,630\" data-comments-opened=\"0\" data-image-meta=\"{&quot;aperture&quot;:&quot;0&quot;,&quot;credit&quot;:&quot;&quot;,&quot;camera&quot;:&quot;&quot;,&quot;caption&quot;:&quot;&quot;,&quot;created_timestamp&quot;:&quot;0&quot;,&quot;copyright&quot;:&quot;&quot;,&quot;focal_length&quot;:&quot;0&quot;,&quot;iso&quot;:&quot;0&quot;,&quot;shutter_speed&quot;:&quot;0&quot;,&quot;title&quot;:&quot;&quot;,&quot;orientation&quot;:&quot;0&quot;}\" data-image-title=\"WhatsApp-Image-2023-04-05-at-08.31.19\" data-image-description=\"\" data-image-caption=\"\" data-large-file=\"https:\/\/eldiariodesanpedro.com.ar\/sitio\/wp-content\/uploads\/2023\/04\/WhatsApp-Image-2023-04-05-at-08.31.19.jpeg\" data-src=\"https:\/\/eldiariodesanpedro.com.ar\/sitio\/wp-content\/uploads\/2023\/04\/WhatsApp-Image-2023-04-05-at-08.31.19.jpeg\" alt=\"\" class=\"wp-image-116606 lazyload\" data-srcset=\"https:\/\/eldiariodesanpedro.com.ar\/sitio\/wp-content\/uploads\/2023\/04\/WhatsApp-Image-2023-04-05-at-08.31.19.jpeg 473w, https:\/\/eldiariodesanpedro.com.ar\/sitio\/wp-content\/uploads\/2023\/04\/WhatsApp-Image-2023-04-05-at-08.31.19-225x300.jpeg 225w\" data-sizes=\"(max-width: 473px) 100vw, 473px\" src=\"data:image\/svg+xml;base64,PHN2ZyB3aWR0aD0iMSIgaGVpZ2h0PSIxIiB4bWxucz0iaHR0cDovL3d3dy53My5vcmcvMjAwMC9zdmciPjwvc3ZnPg==\" style=\"--smush-placeholder-width: 473px; --smush-placeholder-aspect-ratio: 473\/630;\" \/><\/figure>\n","protected":false},"excerpt":{"rendered":"<p>En el marco de la Semana de la Salud que se est\u00e1 llevando a cabo en la ciudad de San Pedro, se realiz\u00f3 este martes en el Polo Cultural un Taller de Interculturalidad y Nutrici\u00f3n, con la participaci\u00f3n de nutricionistas y asistentes sociales. La actividad estuvo coordinada por Dalagaic Piogonac y cont\u00f3 con la presencia [&hellip;]<\/p>\n","protected":false},"author":4,"featured_media":116601,"comment_status":"closed","ping_status":"closed","sticky":false,"template":"","format":"standard","meta":{"om_disable_all_campaigns":false,"_jetpack_memberships_contains_paid_content":false,"footnotes":""},"categories":[101,2],"tags":[197,696,33,19],"class_list":["post-116600","post","type-post","status-publish","format-standard","has-post-thumbnail","hentry","category-interes-general-locales","category-locales","tag-buenos-aires","tag-interes-general","tag-locales","tag-san-pedro"],"aioseo_notices":[],"gutentor_comment":0,"jetpack_featured_media_url":"https:\/\/eldiariodesanpedro.com.ar\/sitio\/wp-content\/uploads\/2023\/04\/medida-1.jpg","jetpack_shortlink":"https:\/\/wp.me\/p6RhLt-ukE","jetpack_sharing_enabled":true,"_links":{"self":[{"href":"https:\/\/eldiariodesanpedro.com.ar\/sitio\/wp-json\/wp\/v2\/posts\/116600","targetHints":{"allow":["GET"]}}],"collection":[{"href":"https:\/\/eldiariodesanpedro.com.ar\/sitio\/wp-json\/wp\/v2\/posts"}],"about":[{"href":"https:\/\/eldiariodesanpedro.com.ar\/sitio\/wp-json\/wp\/v2\/types\/post"}],"author":[{"embeddable":true,"href":"https:\/\/eldiariodesanpedro.com.ar\/sitio\/wp-json\/wp\/v2\/users\/4"}],"replies":[{"embeddable":true,"href":"https:\/\/eldiariodesanpedro.com.ar\/sitio\/wp-json\/wp\/v2\/comments?post=116600"}],"version-history":[{"count":3,"href":"https:\/\/eldiariodesanpedro.com.ar\/sitio\/wp-json\/wp\/v2\/posts\/116600\/revisions"}],"predecessor-version":[{"id":116607,"href":"https:\/\/eldiariodesanpedro.com.ar\/sitio\/wp-json\/wp\/v2\/posts\/116600\/revisions\/116607"}],"wp:featuredmedia":[{"embeddable":true,"href":"https:\/\/eldiariodesanpedro.com.ar\/sitio\/wp-json\/wp\/v2\/media\/116601"}],"wp:attachment":[{"href":"https:\/\/eldiariodesanpedro.com.ar\/sitio\/wp-json\/wp\/v2\/media?parent=116600"}],"wp:term":[{"taxonomy":"category","embeddable":true,"href":"https:\/\/eldiariodesanpedro.com.ar\/sitio\/wp-json\/wp\/v2\/categories?post=116600"},{"taxonomy":"post_tag","embeddable":true,"href":"https:\/\/eldiariodesanpedro.com.ar\/sitio\/wp-json\/wp\/v2\/tags?post=116600"}],"curies":[{"name":"wp","href":"https:\/\/api.w.org\/{rel}","templated":true}]}}