{"id":116591,"date":"2023-04-05T10:53:33","date_gmt":"2023-04-05T13:53:33","guid":{"rendered":"https:\/\/eldiariodesanpedro.com.ar\/sitio\/?p=116591"},"modified":"2023-04-05T10:53:35","modified_gmt":"2023-04-05T13:53:35","slug":"entidades-rurales-del-norte-de-buenos-aires-se-reunen-con-autoridades-de-la-policia-rural-para-fortalecer-la-seguridad-en-zonas-vulnerables","status":"publish","type":"post","link":"https:\/\/eldiariodesanpedro.com.ar\/sitio\/entidades-rurales-del-norte-de-buenos-aires-se-reunen-con-autoridades-de-la-policia-rural-para-fortalecer-la-seguridad-en-zonas-vulnerables\/","title":{"rendered":"Entidades rurales del norte de Buenos Aires se re\u00fanen con autoridades de la Polic\u00eda Rural para fortalecer la seguridad en zonas vulnerables"},"content":{"rendered":"<!-- VideographyWP Plugin Message: Automatic video embedding prevented by plugin options. -->\n\n<p>En San Pedro, Buenos Aires, se llev\u00f3 a cabo una importante reuni\u00f3n entre entidades rurales y autoridades de la Polic\u00eda Rural. La actividad fue coordinada por la Sociedad Rural de San Pedro y se cont\u00f3 con la presencia de la Directora de Coordinaci\u00f3n Rural, Natalia Rama, quien encabez\u00f3 la comitiva de la fuerza.<\/p>\n\n\n\n<p>Durante el encuentro, los representantes de las organizaciones de productores tuvieron la oportunidad de exponer las preocupaciones que persisten en relaci\u00f3n a la seguridad en estas zonas rurales y dialogar con las autoridades policiales sobre diferentes procedimientos y causas iniciadas.<\/p>\n\n\n\n<p>Asimismo, se abordaron algunos hechos recientes relacionados con la seguridad en estas \u00e1reas, y se plantearon diferentes propuestas y soluciones para trabajar de manera constante en la prevenci\u00f3n y la intervenci\u00f3n ante los delitos en estas zonas sumamente vulnerables.<\/p>\n\n\n\n<p>La reuni\u00f3n se enmarca en un trabajo de cooperaci\u00f3n permanente entre las entidades rurales y la Polic\u00eda Rural, y busca fortalecer la seguridad en las zonas rurales del norte de la Provincia de Buenos Aires. La participaci\u00f3n de los directivos y productores en la reuni\u00f3n demuestra el compromiso de la comunidad rural en la lucha contra el delito y la importancia de un trabajo conjunto entre las diferentes entidades y organismos del Estado para lograr una mayor seguridad en estas \u00e1reas.<\/p>\n\n\n\n<figure class=\"wp-block-image size-full\"><img decoding=\"async\" width=\"840\" height=\"630\" data-attachment-id=\"116595\" data-permalink=\"https:\/\/eldiariodesanpedro.com.ar\/sitio\/entidades-rurales-del-norte-de-buenos-aires-se-reunen-con-autoridades-de-la-policia-rural-para-fortalecer-la-seguridad-en-zonas-vulnerables\/ruralsanpedro_04042023-1\/\" data-orig-file=\"https:\/\/eldiariodesanpedro.com.ar\/sitio\/wp-content\/uploads\/2023\/04\/ruralsanpedro_04042023-1.jpeg\" data-orig-size=\"840,630\" data-comments-opened=\"0\" data-image-meta=\"{&quot;aperture&quot;:&quot;0&quot;,&quot;credit&quot;:&quot;&quot;,&quot;camera&quot;:&quot;&quot;,&quot;caption&quot;:&quot;&quot;,&quot;created_timestamp&quot;:&quot;0&quot;,&quot;copyright&quot;:&quot;&quot;,&quot;focal_length&quot;:&quot;0&quot;,&quot;iso&quot;:&quot;0&quot;,&quot;shutter_speed&quot;:&quot;0&quot;,&quot;title&quot;:&quot;&quot;,&quot;orientation&quot;:&quot;0&quot;}\" data-image-title=\"ruralsanpedro_04042023 (1)\" data-image-description=\"\" data-image-caption=\"\" data-large-file=\"https:\/\/eldiariodesanpedro.com.ar\/sitio\/wp-content\/uploads\/2023\/04\/ruralsanpedro_04042023-1.jpeg\" data-src=\"https:\/\/eldiariodesanpedro.com.ar\/sitio\/wp-content\/uploads\/2023\/04\/ruralsanpedro_04042023-1.jpeg\" alt=\"\" class=\"wp-image-116595 lazyload\" data-srcset=\"https:\/\/eldiariodesanpedro.com.ar\/sitio\/wp-content\/uploads\/2023\/04\/ruralsanpedro_04042023-1.jpeg 840w, https:\/\/eldiariodesanpedro.com.ar\/sitio\/wp-content\/uploads\/2023\/04\/ruralsanpedro_04042023-1-300x225.jpeg 300w, https:\/\/eldiariodesanpedro.com.ar\/sitio\/wp-content\/uploads\/2023\/04\/ruralsanpedro_04042023-1-768x576.jpeg 768w, https:\/\/eldiariodesanpedro.com.ar\/sitio\/wp-content\/uploads\/2023\/04\/ruralsanpedro_04042023-1-272x204.jpeg 272w\" data-sizes=\"(max-width: 840px) 100vw, 840px\" src=\"data:image\/svg+xml;base64,PHN2ZyB3aWR0aD0iMSIgaGVpZ2h0PSIxIiB4bWxucz0iaHR0cDovL3d3dy53My5vcmcvMjAwMC9zdmciPjwvc3ZnPg==\" style=\"--smush-placeholder-width: 840px; --smush-placeholder-aspect-ratio: 840\/630;\" \/><\/figure>\n\n\n\n<figure class=\"wp-block-image size-full\"><img decoding=\"async\" width=\"942\" height=\"630\" data-attachment-id=\"116596\" data-permalink=\"https:\/\/eldiariodesanpedro.com.ar\/sitio\/entidades-rurales-del-norte-de-buenos-aires-se-reunen-con-autoridades-de-la-policia-rural-para-fortalecer-la-seguridad-en-zonas-vulnerables\/ruralsanpedro_04042023-2\/\" data-orig-file=\"https:\/\/eldiariodesanpedro.com.ar\/sitio\/wp-content\/uploads\/2023\/04\/ruralsanpedro_04042023-2.jpeg\" data-orig-size=\"942,630\" data-comments-opened=\"0\" data-image-meta=\"{&quot;aperture&quot;:&quot;0&quot;,&quot;credit&quot;:&quot;&quot;,&quot;camera&quot;:&quot;&quot;,&quot;caption&quot;:&quot;&quot;,&quot;created_timestamp&quot;:&quot;0&quot;,&quot;copyright&quot;:&quot;&quot;,&quot;focal_length&quot;:&quot;0&quot;,&quot;iso&quot;:&quot;0&quot;,&quot;shutter_speed&quot;:&quot;0&quot;,&quot;title&quot;:&quot;&quot;,&quot;orientation&quot;:&quot;0&quot;}\" data-image-title=\"ruralsanpedro_04042023 (2)\" data-image-description=\"\" data-image-caption=\"\" data-large-file=\"https:\/\/eldiariodesanpedro.com.ar\/sitio\/wp-content\/uploads\/2023\/04\/ruralsanpedro_04042023-2.jpeg\" data-src=\"https:\/\/eldiariodesanpedro.com.ar\/sitio\/wp-content\/uploads\/2023\/04\/ruralsanpedro_04042023-2.jpeg\" alt=\"\" class=\"wp-image-116596 lazyload\" data-srcset=\"https:\/\/eldiariodesanpedro.com.ar\/sitio\/wp-content\/uploads\/2023\/04\/ruralsanpedro_04042023-2.jpeg 942w, https:\/\/eldiariodesanpedro.com.ar\/sitio\/wp-content\/uploads\/2023\/04\/ruralsanpedro_04042023-2-300x201.jpeg 300w, https:\/\/eldiariodesanpedro.com.ar\/sitio\/wp-content\/uploads\/2023\/04\/ruralsanpedro_04042023-2-768x514.jpeg 768w\" data-sizes=\"(max-width: 942px) 100vw, 942px\" src=\"data:image\/svg+xml;base64,PHN2ZyB3aWR0aD0iMSIgaGVpZ2h0PSIxIiB4bWxucz0iaHR0cDovL3d3dy53My5vcmcvMjAwMC9zdmciPjwvc3ZnPg==\" style=\"--smush-placeholder-width: 942px; --smush-placeholder-aspect-ratio: 942\/630;\" \/><\/figure>\n\n\n\n<figure class=\"wp-block-image size-full\"><img decoding=\"async\" width=\"842\" height=\"630\" data-attachment-id=\"116597\" data-permalink=\"https:\/\/eldiariodesanpedro.com.ar\/sitio\/entidades-rurales-del-norte-de-buenos-aires-se-reunen-con-autoridades-de-la-policia-rural-para-fortalecer-la-seguridad-en-zonas-vulnerables\/ruralsanpedro_04042023-3\/\" data-orig-file=\"https:\/\/eldiariodesanpedro.com.ar\/sitio\/wp-content\/uploads\/2023\/04\/ruralsanpedro_04042023-3.jpeg\" data-orig-size=\"842,630\" data-comments-opened=\"0\" data-image-meta=\"{&quot;aperture&quot;:&quot;0&quot;,&quot;credit&quot;:&quot;&quot;,&quot;camera&quot;:&quot;&quot;,&quot;caption&quot;:&quot;&quot;,&quot;created_timestamp&quot;:&quot;0&quot;,&quot;copyright&quot;:&quot;&quot;,&quot;focal_length&quot;:&quot;0&quot;,&quot;iso&quot;:&quot;0&quot;,&quot;shutter_speed&quot;:&quot;0&quot;,&quot;title&quot;:&quot;&quot;,&quot;orientation&quot;:&quot;0&quot;}\" data-image-title=\"ruralsanpedro_04042023 (3)\" data-image-description=\"\" data-image-caption=\"\" data-large-file=\"https:\/\/eldiariodesanpedro.com.ar\/sitio\/wp-content\/uploads\/2023\/04\/ruralsanpedro_04042023-3.jpeg\" data-src=\"https:\/\/eldiariodesanpedro.com.ar\/sitio\/wp-content\/uploads\/2023\/04\/ruralsanpedro_04042023-3.jpeg\" alt=\"\" class=\"wp-image-116597 lazyload\" data-srcset=\"https:\/\/eldiariodesanpedro.com.ar\/sitio\/wp-content\/uploads\/2023\/04\/ruralsanpedro_04042023-3.jpeg 842w, https:\/\/eldiariodesanpedro.com.ar\/sitio\/wp-content\/uploads\/2023\/04\/ruralsanpedro_04042023-3-300x224.jpeg 300w, https:\/\/eldiariodesanpedro.com.ar\/sitio\/wp-content\/uploads\/2023\/04\/ruralsanpedro_04042023-3-768x575.jpeg 768w, https:\/\/eldiariodesanpedro.com.ar\/sitio\/wp-content\/uploads\/2023\/04\/ruralsanpedro_04042023-3-272x204.jpeg 272w\" data-sizes=\"(max-width: 842px) 100vw, 842px\" src=\"data:image\/svg+xml;base64,PHN2ZyB3aWR0aD0iMSIgaGVpZ2h0PSIxIiB4bWxucz0iaHR0cDovL3d3dy53My5vcmcvMjAwMC9zdmciPjwvc3ZnPg==\" style=\"--smush-placeholder-width: 842px; --smush-placeholder-aspect-ratio: 842\/630;\" \/><\/figure>\n","protected":false},"excerpt":{"rendered":"<p>En San Pedro, Buenos Aires, se llev\u00f3 a cabo una importante reuni\u00f3n entre entidades rurales y autoridades de la Polic\u00eda Rural. La actividad fue coordinada por la Sociedad Rural de San Pedro y se cont\u00f3 con la presencia de la Directora de Coordinaci\u00f3n Rural, Natalia Rama, quien encabez\u00f3 la comitiva de la fuerza. Durante el [&hellip;]<\/p>\n","protected":false},"author":4,"featured_media":116598,"comment_status":"closed","ping_status":"closed","sticky":false,"template":"","format":"standard","meta":{"om_disable_all_campaigns":false,"_jetpack_memberships_contains_paid_content":false,"footnotes":""},"categories":[50,101,2],"tags":[197,696,33,19],"class_list":["post-116591","post","type-post","status-publish","format-standard","has-post-thumbnail","hentry","category-destacadas","category-interes-general-locales","category-locales","tag-buenos-aires","tag-interes-general","tag-locales","tag-san-pedro"],"aioseo_notices":[],"gutentor_comment":0,"jetpack_featured_media_url":"https:\/\/eldiariodesanpedro.com.ar\/sitio\/wp-content\/uploads\/2023\/04\/ruralsanpedro_04042023-4.jpeg","jetpack_shortlink":"https:\/\/wp.me\/p6RhLt-ukv","jetpack_sharing_enabled":true,"_links":{"self":[{"href":"https:\/\/eldiariodesanpedro.com.ar\/sitio\/wp-json\/wp\/v2\/posts\/116591","targetHints":{"allow":["GET"]}}],"collection":[{"href":"https:\/\/eldiariodesanpedro.com.ar\/sitio\/wp-json\/wp\/v2\/posts"}],"about":[{"href":"https:\/\/eldiariodesanpedro.com.ar\/sitio\/wp-json\/wp\/v2\/types\/post"}],"author":[{"embeddable":true,"href":"https:\/\/eldiariodesanpedro.com.ar\/sitio\/wp-json\/wp\/v2\/users\/4"}],"replies":[{"embeddable":true,"href":"https:\/\/eldiariodesanpedro.com.ar\/sitio\/wp-json\/wp\/v2\/comments?post=116591"}],"version-history":[{"count":2,"href":"https:\/\/eldiariodesanpedro.com.ar\/sitio\/wp-json\/wp\/v2\/posts\/116591\/revisions"}],"predecessor-version":[{"id":116599,"href":"https:\/\/eldiariodesanpedro.com.ar\/sitio\/wp-json\/wp\/v2\/posts\/116591\/revisions\/116599"}],"wp:featuredmedia":[{"embeddable":true,"href":"https:\/\/eldiariodesanpedro.com.ar\/sitio\/wp-json\/wp\/v2\/media\/116598"}],"wp:attachment":[{"href":"https:\/\/eldiariodesanpedro.com.ar\/sitio\/wp-json\/wp\/v2\/media?parent=116591"}],"wp:term":[{"taxonomy":"category","embeddable":true,"href":"https:\/\/eldiariodesanpedro.com.ar\/sitio\/wp-json\/wp\/v2\/categories?post=116591"},{"taxonomy":"post_tag","embeddable":true,"href":"https:\/\/eldiariodesanpedro.com.ar\/sitio\/wp-json\/wp\/v2\/tags?post=116591"}],"curies":[{"name":"wp","href":"https:\/\/api.w.org\/{rel}","templated":true}]}}