{"id":116585,"date":"2023-04-04T23:06:34","date_gmt":"2023-04-05T02:06:34","guid":{"rendered":"https:\/\/eldiariodesanpedro.com.ar\/sitio\/?p=116585"},"modified":"2026-01-24T00:55:19","modified_gmt":"2026-01-24T03:55:19","slug":"fallecio-bravo-miguel-de-76-anos-de-edad","status":"publish","type":"post","link":"https:\/\/eldiariodesanpedro.com.ar\/sitio\/fallecio-bravo-miguel-de-76-anos-de-edad\/","title":{"rendered":"Falleci\u00f3 Bravo Miguel de 76 a\u00f1os de edad"},"content":{"rendered":"<!-- VideographyWP Plugin Message: Automatic video embedding prevented by plugin options. -->\n\n<p>Se informa el fallecimiento de Bravo Miguel de 76 a\u00f1os de edad, el sepelio se realizara en la casa velatorio Coopser sala N\u00ba 4.<\/p>\n\n\n\n<p>El sepelio se llevara a cabo ma\u00f1ana mi\u00e9rcoles 05 de abril de 2023 desde las 00:00 hs y posteriormente sus restos ser\u00e1n inhumados en el Jard\u00edn de Molino.<\/p>\n","protected":false},"excerpt":{"rendered":"<p>Se informa el fallecimiento de Bravo Miguel de 76 a\u00f1os de edad, el sepelio se realizara en la casa velatorio Coopser sala N\u00ba 4. El sepelio se llevara a cabo ma\u00f1ana mi\u00e9rcoles 05 de abril de 2023 desde las 00:00 hs y posteriormente sus restos ser\u00e1n inhumados en el Jard\u00edn de Molino.<\/p>\n","protected":false},"author":4,"featured_media":113757,"comment_status":"closed","ping_status":"closed","sticky":false,"template":"","format":"standard","meta":{"om_disable_all_campaigns":false,"_jetpack_memberships_contains_paid_content":false,"footnotes":""},"categories":[8424],"tags":[197,3472,19],"class_list":["post-116585","post","type-post","status-publish","format-standard","has-post-thumbnail","hentry","category-necrologicas","tag-buenos-aires","tag-fallecio-bravo-miguel-de-76-anos-de-edad","tag-san-pedro"],"aioseo_notices":[],"gutentor_comment":0,"jetpack_featured_media_url":"https:\/\/eldiariodesanpedro.com.ar\/sitio\/wp-content\/uploads\/2023\/01\/necrologicas.jpg","jetpack_shortlink":"https:\/\/wp.me\/p6RhLt-ukp","jetpack_sharing_enabled":true,"_links":{"self":[{"href":"https:\/\/eldiariodesanpedro.com.ar\/sitio\/wp-json\/wp\/v2\/posts\/116585","targetHints":{"allow":["GET"]}}],"collection":[{"href":"https:\/\/eldiariodesanpedro.com.ar\/sitio\/wp-json\/wp\/v2\/posts"}],"about":[{"href":"https:\/\/eldiariodesanpedro.com.ar\/sitio\/wp-json\/wp\/v2\/types\/post"}],"author":[{"embeddable":true,"href":"https:\/\/eldiariodesanpedro.com.ar\/sitio\/wp-json\/wp\/v2\/users\/4"}],"replies":[{"embeddable":true,"href":"https:\/\/eldiariodesanpedro.com.ar\/sitio\/wp-json\/wp\/v2\/comments?post=116585"}],"version-history":[{"count":1,"href":"https:\/\/eldiariodesanpedro.com.ar\/sitio\/wp-json\/wp\/v2\/posts\/116585\/revisions"}],"predecessor-version":[{"id":116586,"href":"https:\/\/eldiariodesanpedro.com.ar\/sitio\/wp-json\/wp\/v2\/posts\/116585\/revisions\/116586"}],"wp:featuredmedia":[{"embeddable":true,"href":"https:\/\/eldiariodesanpedro.com.ar\/sitio\/wp-json\/wp\/v2\/media\/113757"}],"wp:attachment":[{"href":"https:\/\/eldiariodesanpedro.com.ar\/sitio\/wp-json\/wp\/v2\/media?parent=116585"}],"wp:term":[{"taxonomy":"category","embeddable":true,"href":"https:\/\/eldiariodesanpedro.com.ar\/sitio\/wp-json\/wp\/v2\/categories?post=116585"},{"taxonomy":"post_tag","embeddable":true,"href":"https:\/\/eldiariodesanpedro.com.ar\/sitio\/wp-json\/wp\/v2\/tags?post=116585"}],"curies":[{"name":"wp","href":"https:\/\/api.w.org\/{rel}","templated":true}]}}