{"id":116581,"date":"2023-04-04T16:47:06","date_gmt":"2023-04-04T19:47:06","guid":{"rendered":"https:\/\/eldiariodesanpedro.com.ar\/sitio\/?p=116581"},"modified":"2023-04-04T16:47:08","modified_gmt":"2023-04-04T19:47:08","slug":"centro-de-comercio-industria-y-turismo-anuncia-horario-especial-por-semana-santa","status":"publish","type":"post","link":"https:\/\/eldiariodesanpedro.com.ar\/sitio\/centro-de-comercio-industria-y-turismo-anuncia-horario-especial-por-semana-santa\/","title":{"rendered":"Centro de Comercio, Industria y Turismo anuncia horario especial por Semana Santa"},"content":{"rendered":"<!-- VideographyWP Plugin Message: Automatic video embedding prevented by plugin options. -->\n\n<p>El Centro de Comercio, Industria y Turismo ha anunciado que debido al feriado de Semana Santa, las oficinas y cajas de atenci\u00f3n al p\u00fablico tendr\u00e1n un horario especial el jueves 6, de 8 a 15 horas, y permanecer\u00e1n cerradas el viernes y s\u00e1bado. La entidad ha recordado a los ciudadanos que planifiquen sus actividades teniendo en cuenta esta informaci\u00f3n. Adem\u00e1s, desde la entidad se han compartido los deseos de felices pascuas a todos sus socios y a la comunidad en general. Se recomienda a los ciudadanos estar atentos a los horarios de atenci\u00f3n durante esta semana feriada.<\/p>\n","protected":false},"excerpt":{"rendered":"<p>El Centro de Comercio, Industria y Turismo ha anunciado que debido al feriado de Semana Santa, las oficinas y cajas de atenci\u00f3n al p\u00fablico tendr\u00e1n un horario especial el jueves 6, de 8 a 15 horas, y permanecer\u00e1n cerradas el viernes y s\u00e1bado. La entidad ha recordado a los ciudadanos que planifiquen sus actividades teniendo [&hellip;]<\/p>\n","protected":false},"author":4,"featured_media":116582,"comment_status":"closed","ping_status":"closed","sticky":false,"template":"","format":"standard","meta":{"om_disable_all_campaigns":false,"_jetpack_memberships_contains_paid_content":false,"footnotes":""},"categories":[101,2],"tags":[197,696,33,19],"class_list":["post-116581","post","type-post","status-publish","format-standard","has-post-thumbnail","hentry","category-interes-general-locales","category-locales","tag-buenos-aires","tag-interes-general","tag-locales","tag-san-pedro"],"aioseo_notices":[],"gutentor_comment":0,"jetpack_featured_media_url":"https:\/\/eldiariodesanpedro.com.ar\/sitio\/wp-content\/uploads\/2023\/04\/recorrido-010.jpg","jetpack_shortlink":"https:\/\/wp.me\/p6RhLt-ukl","jetpack_sharing_enabled":true,"_links":{"self":[{"href":"https:\/\/eldiariodesanpedro.com.ar\/sitio\/wp-json\/wp\/v2\/posts\/116581","targetHints":{"allow":["GET"]}}],"collection":[{"href":"https:\/\/eldiariodesanpedro.com.ar\/sitio\/wp-json\/wp\/v2\/posts"}],"about":[{"href":"https:\/\/eldiariodesanpedro.com.ar\/sitio\/wp-json\/wp\/v2\/types\/post"}],"author":[{"embeddable":true,"href":"https:\/\/eldiariodesanpedro.com.ar\/sitio\/wp-json\/wp\/v2\/users\/4"}],"replies":[{"embeddable":true,"href":"https:\/\/eldiariodesanpedro.com.ar\/sitio\/wp-json\/wp\/v2\/comments?post=116581"}],"version-history":[{"count":1,"href":"https:\/\/eldiariodesanpedro.com.ar\/sitio\/wp-json\/wp\/v2\/posts\/116581\/revisions"}],"predecessor-version":[{"id":116583,"href":"https:\/\/eldiariodesanpedro.com.ar\/sitio\/wp-json\/wp\/v2\/posts\/116581\/revisions\/116583"}],"wp:featuredmedia":[{"embeddable":true,"href":"https:\/\/eldiariodesanpedro.com.ar\/sitio\/wp-json\/wp\/v2\/media\/116582"}],"wp:attachment":[{"href":"https:\/\/eldiariodesanpedro.com.ar\/sitio\/wp-json\/wp\/v2\/media?parent=116581"}],"wp:term":[{"taxonomy":"category","embeddable":true,"href":"https:\/\/eldiariodesanpedro.com.ar\/sitio\/wp-json\/wp\/v2\/categories?post=116581"},{"taxonomy":"post_tag","embeddable":true,"href":"https:\/\/eldiariodesanpedro.com.ar\/sitio\/wp-json\/wp\/v2\/tags?post=116581"}],"curies":[{"name":"wp","href":"https:\/\/api.w.org\/{rel}","templated":true}]}}