{"id":116578,"date":"2023-04-04T16:08:42","date_gmt":"2023-04-04T19:08:42","guid":{"rendered":"https:\/\/eldiariodesanpedro.com.ar\/sitio\/?p=116578"},"modified":"2023-04-04T16:08:44","modified_gmt":"2023-04-04T19:08:44","slug":"polemica-en-san-pedro-por-la-implementacion-de-quinta-hora-de-clases-en-18-escuelas-del-distrito","status":"publish","type":"post","link":"https:\/\/eldiariodesanpedro.com.ar\/sitio\/polemica-en-san-pedro-por-la-implementacion-de-quinta-hora-de-clases-en-18-escuelas-del-distrito\/","title":{"rendered":"Pol\u00e9mica en San Pedro por la implementaci\u00f3n de quinta hora de clases en 18 escuelas del distrito"},"content":{"rendered":"<!-- VideographyWP Plugin Message: Automatic video embedding prevented by plugin options. -->\n\n<p>Desde esta semana, alrededor de 2500 escuelas en todo el territorio bonaerense comenzaron a aplicar la quinta hora de clases, una propuesta del Gobierno provincial para reforzar los contenidos de Lengua y Matem\u00e1ticas en las instituciones de nivel primario. Sin embargo, la medida gener\u00f3 r\u00e1pidamente pol\u00e9mica en San Pedro, donde son 18 las escuelas que aplican esta modalidad.<\/p>\n\n\n\n<p>La mayor\u00eda de estas escuelas se encuentran ubicadas en zonas rurales y localidades, aunque tambi\u00e9n hay establecimientos del casco urbano que se sumaron al programa. Entre las instituciones que comenzaron esta semana con la quinta hora de clases se encuentran la Escuela 44 de La Tosquera, la Escuela 28 de Beladrich, la Escuela 23 de Pueblo Doyle y la Escuela 21 ubicada en el paraje El Espinillo, entre otras.<\/p>\n\n\n\n<p>A pesar de que la medida tiene como objetivo mejorar la calidad educativa, algunas familias expresaron su desacuerdo debido a las complicaciones que genera en su rutina diaria. Una madre de uno de los alumnos de una de las escuelas, expres\u00f3 su preocupaci\u00f3n. Por su parte, otra mujer, abuela de alumnos de la Escuela 13, tambi\u00e9n manifest\u00f3 su desacuerdo con la quinta hora de clases.<\/p>\n\n\n\n<p>Cabe destacar que algunas de las escuelas incluidas en el programa se sumar\u00e1n la pr\u00f3xima semana y otras en mayo. En el listado tambi\u00e9n figuran algunas escuelas de la zona urbana de San Pedro, como la Escuela 6, la Escuela 11, la Escuela 48 de Los Aromos, la Escuela 43, la Escuela 27, la Escuela 7 y la Escuela 47, ubicada en las inmediaciones del CIC.<\/p>\n\n\n\n<p>La medida sigue generando controversia entre las familias, que deber\u00e1n adaptarse a la nueva rutina escolar impuesta por el programa de quinta hora de clases.<\/p>\n","protected":false},"excerpt":{"rendered":"<p>Desde esta semana, alrededor de 2500 escuelas en todo el territorio bonaerense comenzaron a aplicar la quinta hora de clases, una propuesta del Gobierno provincial para reforzar los contenidos de Lengua y Matem\u00e1ticas en las instituciones de nivel primario. Sin embargo, la medida gener\u00f3 r\u00e1pidamente pol\u00e9mica en San Pedro, donde son 18 las escuelas que [&hellip;]<\/p>\n","protected":false},"author":4,"featured_media":116579,"comment_status":"closed","ping_status":"closed","sticky":false,"template":"","format":"standard","meta":{"om_disable_all_campaigns":false,"_jetpack_memberships_contains_paid_content":false,"footnotes":""},"categories":[50,101,2],"tags":[197,696,33,19],"class_list":["post-116578","post","type-post","status-publish","format-standard","has-post-thumbnail","hentry","category-destacadas","category-interes-general-locales","category-locales","tag-buenos-aires","tag-interes-general","tag-locales","tag-san-pedro"],"aioseo_notices":[],"gutentor_comment":0,"jetpack_featured_media_url":"https:\/\/eldiariodesanpedro.com.ar\/sitio\/wp-content\/uploads\/2023\/04\/511756.jpg","jetpack_shortlink":"https:\/\/wp.me\/p6RhLt-uki","jetpack_sharing_enabled":true,"_links":{"self":[{"href":"https:\/\/eldiariodesanpedro.com.ar\/sitio\/wp-json\/wp\/v2\/posts\/116578","targetHints":{"allow":["GET"]}}],"collection":[{"href":"https:\/\/eldiariodesanpedro.com.ar\/sitio\/wp-json\/wp\/v2\/posts"}],"about":[{"href":"https:\/\/eldiariodesanpedro.com.ar\/sitio\/wp-json\/wp\/v2\/types\/post"}],"author":[{"embeddable":true,"href":"https:\/\/eldiariodesanpedro.com.ar\/sitio\/wp-json\/wp\/v2\/users\/4"}],"replies":[{"embeddable":true,"href":"https:\/\/eldiariodesanpedro.com.ar\/sitio\/wp-json\/wp\/v2\/comments?post=116578"}],"version-history":[{"count":1,"href":"https:\/\/eldiariodesanpedro.com.ar\/sitio\/wp-json\/wp\/v2\/posts\/116578\/revisions"}],"predecessor-version":[{"id":116580,"href":"https:\/\/eldiariodesanpedro.com.ar\/sitio\/wp-json\/wp\/v2\/posts\/116578\/revisions\/116580"}],"wp:featuredmedia":[{"embeddable":true,"href":"https:\/\/eldiariodesanpedro.com.ar\/sitio\/wp-json\/wp\/v2\/media\/116579"}],"wp:attachment":[{"href":"https:\/\/eldiariodesanpedro.com.ar\/sitio\/wp-json\/wp\/v2\/media?parent=116578"}],"wp:term":[{"taxonomy":"category","embeddable":true,"href":"https:\/\/eldiariodesanpedro.com.ar\/sitio\/wp-json\/wp\/v2\/categories?post=116578"},{"taxonomy":"post_tag","embeddable":true,"href":"https:\/\/eldiariodesanpedro.com.ar\/sitio\/wp-json\/wp\/v2\/tags?post=116578"}],"curies":[{"name":"wp","href":"https:\/\/api.w.org\/{rel}","templated":true}]}}