{"id":116575,"date":"2023-04-04T15:45:44","date_gmt":"2023-04-04T18:45:44","guid":{"rendered":"https:\/\/eldiariodesanpedro.com.ar\/sitio\/?p=116575"},"modified":"2023-04-04T15:45:45","modified_gmt":"2023-04-04T18:45:45","slug":"padres-de-alumnos-enojados-y-molestos-con-la-extension-del-horario-escolar","status":"publish","type":"post","link":"https:\/\/eldiariodesanpedro.com.ar\/sitio\/padres-de-alumnos-enojados-y-molestos-con-la-extension-del-horario-escolar\/","title":{"rendered":"Padres de alumnos \u00abenojados y molestos \u00bb con la extensi\u00f3n del horario escolar"},"content":{"rendered":"<!-- VideographyWP Plugin Message: Automatic video embedding prevented by plugin options. -->\n\n<p>Los padres de alumnos de primaria y jard\u00edn en Argentina est\u00e1n enfrentando nuevas dificultades despu\u00e9s de que se anunciara que el horario escolar se extender\u00e1 una hora m\u00e1s. El cambio ha sido ordenado desde el estado y se aplicar\u00e1 a nivel nacional. Una madre de dos ni\u00f1os que asisten a una escuela y jard\u00edn ubicados a 40 cuadras de su hogar, ha expresado su preocupaci\u00f3n por las complicaciones que esto les generar\u00e1.<\/p>\n\n\n\n<p>Desde el a\u00f1o pasado, esta madre y sus hijos han tenido que levantarse a las 6 de la ma\u00f1ana para desayunar, vestirse y viajar en bicicleta a la escuela y jard\u00edn que comienzan a las 7.30 de la ma\u00f1ana. La falta de transporte escolar en su barrio Las Canaletas les ha obligado a pedalear diariamente. Con el nuevo horario escolar, la hija de Melina tendr\u00e1 que ingresar a la escuela a las 7 de la ma\u00f1ana, lo que significa que tendr\u00e1n que levantarse a las 5.30 de la ma\u00f1ana y salir de casa a las 6.30 para llegar a tiempo.<\/p>\n\n\n\n<p>Una de las preocupaciones es la oscuridad y las temperaturas fr\u00edas en pleno invierno, ya que tendr\u00e1 que llevar a sus hijos en bicicleta y esperar en la calle con su hijo m\u00e1s peque\u00f1o hasta que ingrese al jard\u00edn. Adem\u00e1s, como muchos otros padres que viven lejos de la escuela, ella no tiene acceso a transporte escolar, ya que las empresas no ofrecen servicios en su zona.<\/p>\n\n\n\n<p>Adem\u00e1s, se\u00f1alan que tomar un remis para que sus hijos lleguen a la escuela le costar\u00eda $650 solo de ida, lo que es prohibitivo para muchas familias. En d\u00edas de lluvia, los ni\u00f1os no pueden asistir a la escuela debido a la falta de remises disponibles y el costo del transporte.<\/p>\n\n\n\n<p>La situaci\u00f3n planteada es compartida por muchas otras familias en la misma situaci\u00f3n. Ahora se espera que el estado brinde soluciones y asistencia a las familias que enfrentan dificultades similares para garantizar que los ni\u00f1os puedan asistir a la escuela de manera segura y efectiva.<\/p>\n","protected":false},"excerpt":{"rendered":"<p>Los padres de alumnos de primaria y jard\u00edn en Argentina est\u00e1n enfrentando nuevas dificultades despu\u00e9s de que se anunciara que el horario escolar se extender\u00e1 una hora m\u00e1s. El cambio ha sido ordenado desde el estado y se aplicar\u00e1 a nivel nacional. Una madre de dos ni\u00f1os que asisten a una escuela y jard\u00edn ubicados [&hellip;]<\/p>\n","protected":false},"author":4,"featured_media":116576,"comment_status":"closed","ping_status":"closed","sticky":false,"template":"","format":"standard","meta":{"om_disable_all_campaigns":false,"_jetpack_memberships_contains_paid_content":false,"footnotes":""},"categories":[50,101,2],"tags":[197,696,33,19],"class_list":["post-116575","post","type-post","status-publish","format-standard","has-post-thumbnail","hentry","category-destacadas","category-interes-general-locales","category-locales","tag-buenos-aires","tag-interes-general","tag-locales","tag-san-pedro"],"aioseo_notices":[],"gutentor_comment":0,"jetpack_featured_media_url":"https:\/\/eldiariodesanpedro.com.ar\/sitio\/wp-content\/uploads\/2023\/04\/13-1.jpg","jetpack_shortlink":"https:\/\/wp.me\/p6RhLt-ukf","jetpack_sharing_enabled":true,"_links":{"self":[{"href":"https:\/\/eldiariodesanpedro.com.ar\/sitio\/wp-json\/wp\/v2\/posts\/116575","targetHints":{"allow":["GET"]}}],"collection":[{"href":"https:\/\/eldiariodesanpedro.com.ar\/sitio\/wp-json\/wp\/v2\/posts"}],"about":[{"href":"https:\/\/eldiariodesanpedro.com.ar\/sitio\/wp-json\/wp\/v2\/types\/post"}],"author":[{"embeddable":true,"href":"https:\/\/eldiariodesanpedro.com.ar\/sitio\/wp-json\/wp\/v2\/users\/4"}],"replies":[{"embeddable":true,"href":"https:\/\/eldiariodesanpedro.com.ar\/sitio\/wp-json\/wp\/v2\/comments?post=116575"}],"version-history":[{"count":1,"href":"https:\/\/eldiariodesanpedro.com.ar\/sitio\/wp-json\/wp\/v2\/posts\/116575\/revisions"}],"predecessor-version":[{"id":116577,"href":"https:\/\/eldiariodesanpedro.com.ar\/sitio\/wp-json\/wp\/v2\/posts\/116575\/revisions\/116577"}],"wp:featuredmedia":[{"embeddable":true,"href":"https:\/\/eldiariodesanpedro.com.ar\/sitio\/wp-json\/wp\/v2\/media\/116576"}],"wp:attachment":[{"href":"https:\/\/eldiariodesanpedro.com.ar\/sitio\/wp-json\/wp\/v2\/media?parent=116575"}],"wp:term":[{"taxonomy":"category","embeddable":true,"href":"https:\/\/eldiariodesanpedro.com.ar\/sitio\/wp-json\/wp\/v2\/categories?post=116575"},{"taxonomy":"post_tag","embeddable":true,"href":"https:\/\/eldiariodesanpedro.com.ar\/sitio\/wp-json\/wp\/v2\/tags?post=116575"}],"curies":[{"name":"wp","href":"https:\/\/api.w.org\/{rel}","templated":true}]}}