{"id":116571,"date":"2023-04-04T15:06:52","date_gmt":"2023-04-04T18:06:52","guid":{"rendered":"https:\/\/eldiariodesanpedro.com.ar\/sitio\/?p=116571"},"modified":"2023-04-04T15:06:53","modified_gmt":"2023-04-04T18:06:53","slug":"mensajero-asaltado-a-mano-armada-en-san-pedro-delincuentes-le-dispararon-tres-veces","status":"publish","type":"post","link":"https:\/\/eldiariodesanpedro.com.ar\/sitio\/mensajero-asaltado-a-mano-armada-en-san-pedro-delincuentes-le-dispararon-tres-veces\/","title":{"rendered":"Mensajero asaltado a mano armada en San Pedro: Delincuentes le dispararon tres veces"},"content":{"rendered":"<!-- VideographyWP Plugin Message: Automatic video embedding prevented by plugin options. -->\n\n<p>Un nuevo hecho de inseguridad se registr\u00f3 en San Pedro en las \u00faltimas horas. Un mensajero fue asaltado a mano armada mientras entregaba un pedido en la zona de Depietri y Ruiz Moreno. Tres delincuentes interceptaron al trabajador y le robaron su celular y dinero en efectivo.<\/p>\n\n\n\n<p>Lo m\u00e1s preocupante del suceso es que uno de los delincuentes portaba un arma de fuego y dispar\u00f3 tres veces contra el mensajero, aunque afortunadamente las balas no salieron. El titular de la mensajer\u00eda expres\u00f3 su preocupaci\u00f3n por el hecho y manifest\u00f3 que no tienen esperanzas de recuperar lo robado.<\/p>\n\n\n\n<p>Por otro lado, el due\u00f1o de la empresa asegur\u00f3 que su mayor preocupaci\u00f3n es \u00abno perder a los clientes\u00bb ante la p\u00e9rdida del celular que usaban para recibir los pedidos. La denuncia correspondiente fue radicada en la Comisar\u00eda local.<\/p>\n\n\n\n<p>Las autoridades locales han tomado conocimiento del hecho y est\u00e1n trabajando para dar con los responsables del robo. Adem\u00e1s, han reforzado los operativos de seguridad en la zona para prevenir futuros hechos delictivos. La comunidad se encuentra preocupada ante este tipo de sucesos y exige una pronta soluci\u00f3n a las autoridades competentes.<\/p>\n","protected":false},"excerpt":{"rendered":"<p>Un nuevo hecho de inseguridad se registr\u00f3 en San Pedro en las \u00faltimas horas. Un mensajero fue asaltado a mano armada mientras entregaba un pedido en la zona de Depietri y Ruiz Moreno. Tres delincuentes interceptaron al trabajador y le robaron su celular y dinero en efectivo. Lo m\u00e1s preocupante del suceso es que uno [&hellip;]<\/p>\n","protected":false},"author":4,"featured_media":103024,"comment_status":"closed","ping_status":"closed","sticky":false,"template":"","format":"standard","meta":{"om_disable_all_campaigns":false,"_jetpack_memberships_contains_paid_content":false,"footnotes":""},"categories":[2,103],"tags":[197,33,95,19],"class_list":["post-116571","post","type-post","status-publish","format-standard","has-post-thumbnail","hentry","category-locales","category-policiales-locales","tag-buenos-aires","tag-locales","tag-policiales","tag-san-pedro"],"aioseo_notices":[],"gutentor_comment":0,"jetpack_featured_media_url":"https:\/\/eldiariodesanpedro.com.ar\/sitio\/wp-content\/uploads\/2022\/01\/Patrulla67-1024x680-1.jpg","jetpack_shortlink":"https:\/\/wp.me\/p6RhLt-ukb","jetpack_sharing_enabled":true,"_links":{"self":[{"href":"https:\/\/eldiariodesanpedro.com.ar\/sitio\/wp-json\/wp\/v2\/posts\/116571","targetHints":{"allow":["GET"]}}],"collection":[{"href":"https:\/\/eldiariodesanpedro.com.ar\/sitio\/wp-json\/wp\/v2\/posts"}],"about":[{"href":"https:\/\/eldiariodesanpedro.com.ar\/sitio\/wp-json\/wp\/v2\/types\/post"}],"author":[{"embeddable":true,"href":"https:\/\/eldiariodesanpedro.com.ar\/sitio\/wp-json\/wp\/v2\/users\/4"}],"replies":[{"embeddable":true,"href":"https:\/\/eldiariodesanpedro.com.ar\/sitio\/wp-json\/wp\/v2\/comments?post=116571"}],"version-history":[{"count":1,"href":"https:\/\/eldiariodesanpedro.com.ar\/sitio\/wp-json\/wp\/v2\/posts\/116571\/revisions"}],"predecessor-version":[{"id":116572,"href":"https:\/\/eldiariodesanpedro.com.ar\/sitio\/wp-json\/wp\/v2\/posts\/116571\/revisions\/116572"}],"wp:featuredmedia":[{"embeddable":true,"href":"https:\/\/eldiariodesanpedro.com.ar\/sitio\/wp-json\/wp\/v2\/media\/103024"}],"wp:attachment":[{"href":"https:\/\/eldiariodesanpedro.com.ar\/sitio\/wp-json\/wp\/v2\/media?parent=116571"}],"wp:term":[{"taxonomy":"category","embeddable":true,"href":"https:\/\/eldiariodesanpedro.com.ar\/sitio\/wp-json\/wp\/v2\/categories?post=116571"},{"taxonomy":"post_tag","embeddable":true,"href":"https:\/\/eldiariodesanpedro.com.ar\/sitio\/wp-json\/wp\/v2\/tags?post=116571"}],"curies":[{"name":"wp","href":"https:\/\/api.w.org\/{rel}","templated":true}]}}