{"id":116565,"date":"2023-04-04T14:44:15","date_gmt":"2023-04-04T17:44:15","guid":{"rendered":"https:\/\/eldiariodesanpedro.com.ar\/sitio\/?p=116565"},"modified":"2026-01-23T23:52:23","modified_gmt":"2026-01-24T02:52:23","slug":"fernando-morro-iglesias-lleva-el-legado-familiar-al-turismo-nacional-clase-3","status":"publish","type":"post","link":"https:\/\/eldiariodesanpedro.com.ar\/sitio\/fernando-morro-iglesias-lleva-el-legado-familiar-al-turismo-nacional-clase-3\/","title":{"rendered":"Fernando \u00abMorro\u00bb Iglesias lleva el legado familiar al Turismo Nacional Clase 3"},"content":{"rendered":"<!-- VideographyWP Plugin Message: Automatic video embedding prevented by plugin options. -->\n\n<p>El mundo del automovilismo est\u00e1 emocionado por la noticia de que Fernando \u00abMorro\u00bb Iglesias se ha unido a la Clase 3 del Turismo Nacional. El apellido Iglesias es conocido por su tradici\u00f3n en la ACTC, y ahora Fernando, hijo de \u00abPichi\u00bb Iglesias, llevar\u00e1 su legado al Toyota Corolla subcampe\u00f3n de Carlos Javier Merlo con el apoyo del equipo puntano.<\/p>\n\n\n\n<p>A pesar de tener s\u00f3lo un antecedente en la categor\u00eda, el \u00abMorro\u00bb ha demostrado ser un talento en la pista con experiencia en Turismo Pista, divisionales del Mouras y TC Pista. El a\u00f1o pasado, fue invitado por Facundo Rotondo a participar en la carrera \u00ab200 Pilotos\u00bb en la Clase 2 y demostr\u00f3 su habilidad en la pista.<\/p>\n\n\n\n<p>El \u00abMorro\u00bb est\u00e1 emocionado de unirse a la divisi\u00f3n mayor del TN y est\u00e1 listo para competir con los mejores pilotos de la categor\u00eda. Los aficionados del automovilismo est\u00e1n ansiosos por ver a Fernando en acci\u00f3n y esperan ver c\u00f3mo llevar\u00e1 el apellido Iglesias a la cima de la Clase 3 del Turismo Nacional.<\/p>\n","protected":false},"excerpt":{"rendered":"<p>El mundo del automovilismo est\u00e1 emocionado por la noticia de que Fernando \u00abMorro\u00bb Iglesias se ha unido a la Clase 3 del Turismo Nacional. El apellido Iglesias es conocido por su tradici\u00f3n en la ACTC, y ahora Fernando, hijo de \u00abPichi\u00bb Iglesias, llevar\u00e1 su legado al Toyota Corolla subcampe\u00f3n de Carlos Javier Merlo con el [&hellip;]<\/p>\n","protected":false},"author":4,"featured_media":116566,"comment_status":"closed","ping_status":"closed","sticky":false,"template":"","format":"standard","meta":{"om_disable_all_campaigns":false,"_jetpack_memberships_contains_paid_content":false,"footnotes":""},"categories":[5],"tags":[197,3471,696,33,19],"class_list":["post-116565","post","type-post","status-publish","format-standard","has-post-thumbnail","hentry","category-deportes","tag-buenos-aires","tag-fernando-morro-iglesias-lleva-el-legado-familiar-al-turismo-nacional-clase-3","tag-interes-general","tag-locales","tag-san-pedro"],"aioseo_notices":[],"gutentor_comment":0,"jetpack_featured_media_url":"https:\/\/eldiariodesanpedro.com.ar\/sitio\/wp-content\/uploads\/2023\/04\/338850439_781359363350543_2819936551075953367_n.jpg","jetpack_shortlink":"https:\/\/wp.me\/p6RhLt-uk5","jetpack_sharing_enabled":true,"_links":{"self":[{"href":"https:\/\/eldiariodesanpedro.com.ar\/sitio\/wp-json\/wp\/v2\/posts\/116565","targetHints":{"allow":["GET"]}}],"collection":[{"href":"https:\/\/eldiariodesanpedro.com.ar\/sitio\/wp-json\/wp\/v2\/posts"}],"about":[{"href":"https:\/\/eldiariodesanpedro.com.ar\/sitio\/wp-json\/wp\/v2\/types\/post"}],"author":[{"embeddable":true,"href":"https:\/\/eldiariodesanpedro.com.ar\/sitio\/wp-json\/wp\/v2\/users\/4"}],"replies":[{"embeddable":true,"href":"https:\/\/eldiariodesanpedro.com.ar\/sitio\/wp-json\/wp\/v2\/comments?post=116565"}],"version-history":[{"count":1,"href":"https:\/\/eldiariodesanpedro.com.ar\/sitio\/wp-json\/wp\/v2\/posts\/116565\/revisions"}],"predecessor-version":[{"id":116567,"href":"https:\/\/eldiariodesanpedro.com.ar\/sitio\/wp-json\/wp\/v2\/posts\/116565\/revisions\/116567"}],"wp:featuredmedia":[{"embeddable":true,"href":"https:\/\/eldiariodesanpedro.com.ar\/sitio\/wp-json\/wp\/v2\/media\/116566"}],"wp:attachment":[{"href":"https:\/\/eldiariodesanpedro.com.ar\/sitio\/wp-json\/wp\/v2\/media?parent=116565"}],"wp:term":[{"taxonomy":"category","embeddable":true,"href":"https:\/\/eldiariodesanpedro.com.ar\/sitio\/wp-json\/wp\/v2\/categories?post=116565"},{"taxonomy":"post_tag","embeddable":true,"href":"https:\/\/eldiariodesanpedro.com.ar\/sitio\/wp-json\/wp\/v2\/tags?post=116565"}],"curies":[{"name":"wp","href":"https:\/\/api.w.org\/{rel}","templated":true}]}}