{"id":116356,"date":"2023-03-29T21:51:13","date_gmt":"2023-03-30T00:51:13","guid":{"rendered":"https:\/\/eldiariodesanpedro.com.ar\/sitio\/?p=116356"},"modified":"2023-03-29T21:51:15","modified_gmt":"2023-03-30T00:51:15","slug":"edicto-de-sucesion-de-lopez-carlos-alberto-2","status":"publish","type":"post","link":"https:\/\/eldiariodesanpedro.com.ar\/sitio\/edicto-de-sucesion-de-lopez-carlos-alberto-2\/","title":{"rendered":"Edicto de Sucesi\u00f3n de Lopez Carlos Alberto"},"content":{"rendered":"<!-- VideographyWP Plugin Message: Automatic video embedding prevented by plugin options. -->\n\n<p>El juzgado de Primera Instancia en lo Civil y Comercial N\u00ba1 a cargo del Dr. Hern\u00e1n V\u00e7itor Prat &#8211; JUEZ- del Departamento Judicial de San Nicol\u00e1s, sito en la calle Pellegrini 68, Piso 1\u00ba, Localidad de San Nicolas, Provincia de Buenos Aires en los autos caratulados \u201c<strong>Lopez, Carlos Alberto S\/ Sucesion Ab-Intestato<\/strong>\u201d (Expte. N\u00ba 1161\/2023), que tramitan ante este juzgado, cita y emplaza por 30 d\u00edas a todos los que se consideren con derecho a los bienes dejados por el referido causante, L\u00f3pez Carlos Alberto. San Nicol\u00e1s 24 de Febrero de 2023<\/p>\n\n\n\n<p>ABOGADO SECRETARIO<br>(Publicaci\u00f3n V\u00e1lida por los d\u00edas 29 de marzo de 2023)<\/p>\n","protected":false},"excerpt":{"rendered":"<p>El juzgado de Primera Instancia en lo Civil y Comercial N\u00ba1 a cargo del Dr. Hern\u00e1n V\u00e7itor Prat &#8211; JUEZ- del Departamento Judicial de San Nicol\u00e1s, sito en la calle Pellegrini 68, Piso 1\u00ba, Localidad de San Nicolas, Provincia de Buenos Aires en los autos caratulados \u201cLopez, Carlos Alberto S\/ Sucesion Ab-Intestato\u201d (Expte. N\u00ba 1161\/2023), [&hellip;]<\/p>\n","protected":false},"author":4,"featured_media":102746,"comment_status":"closed","ping_status":"closed","sticky":false,"template":"","format":"standard","meta":{"om_disable_all_campaigns":false,"_jetpack_memberships_contains_paid_content":false,"footnotes":""},"categories":[676,677],"tags":[197,1121,3416,19,1122],"class_list":["post-116356","post","type-post","status-publish","format-standard","has-post-thumbnail","hentry","category-edictos","category-edictos-sucesorios","tag-buenos-aires","tag-edicto","tag-edicto-de-sucesion-de-lopez-carlos-alberto","tag-san-pedro","tag-sucesion"],"aioseo_notices":[],"gutentor_comment":0,"jetpack_featured_media_url":"https:\/\/eldiariodesanpedro.com.ar\/sitio\/wp-content\/uploads\/2022\/01\/EDICTO.jpg","jetpack_shortlink":"https:\/\/wp.me\/p6RhLt-ugI","jetpack_sharing_enabled":true,"_links":{"self":[{"href":"https:\/\/eldiariodesanpedro.com.ar\/sitio\/wp-json\/wp\/v2\/posts\/116356","targetHints":{"allow":["GET"]}}],"collection":[{"href":"https:\/\/eldiariodesanpedro.com.ar\/sitio\/wp-json\/wp\/v2\/posts"}],"about":[{"href":"https:\/\/eldiariodesanpedro.com.ar\/sitio\/wp-json\/wp\/v2\/types\/post"}],"author":[{"embeddable":true,"href":"https:\/\/eldiariodesanpedro.com.ar\/sitio\/wp-json\/wp\/v2\/users\/4"}],"replies":[{"embeddable":true,"href":"https:\/\/eldiariodesanpedro.com.ar\/sitio\/wp-json\/wp\/v2\/comments?post=116356"}],"version-history":[{"count":1,"href":"https:\/\/eldiariodesanpedro.com.ar\/sitio\/wp-json\/wp\/v2\/posts\/116356\/revisions"}],"predecessor-version":[{"id":116357,"href":"https:\/\/eldiariodesanpedro.com.ar\/sitio\/wp-json\/wp\/v2\/posts\/116356\/revisions\/116357"}],"wp:featuredmedia":[{"embeddable":true,"href":"https:\/\/eldiariodesanpedro.com.ar\/sitio\/wp-json\/wp\/v2\/media\/102746"}],"wp:attachment":[{"href":"https:\/\/eldiariodesanpedro.com.ar\/sitio\/wp-json\/wp\/v2\/media?parent=116356"}],"wp:term":[{"taxonomy":"category","embeddable":true,"href":"https:\/\/eldiariodesanpedro.com.ar\/sitio\/wp-json\/wp\/v2\/categories?post=116356"},{"taxonomy":"post_tag","embeddable":true,"href":"https:\/\/eldiariodesanpedro.com.ar\/sitio\/wp-json\/wp\/v2\/tags?post=116356"}],"curies":[{"name":"wp","href":"https:\/\/api.w.org\/{rel}","templated":true}]}}