{"id":116331,"date":"2023-03-29T19:37:15","date_gmt":"2023-03-29T22:37:15","guid":{"rendered":"https:\/\/eldiariodesanpedro.com.ar\/sitio\/?p=116331"},"modified":"2023-03-29T19:37:17","modified_gmt":"2023-03-29T22:37:17","slug":"autoridades-del-ministerio-de-las-mujeres-junto-al-intendente-cecilio-salazar-explicaron-el-proyecto-para-la-playa-de-vuelta-de-obligado","status":"publish","type":"post","link":"https:\/\/eldiariodesanpedro.com.ar\/sitio\/autoridades-del-ministerio-de-las-mujeres-junto-al-intendente-cecilio-salazar-explicaron-el-proyecto-para-la-playa-de-vuelta-de-obligado\/","title":{"rendered":"Autoridades del Ministerio de las Mujeres, junto al intendente Cecilio Salazar, explicaron el proyecto para la playa de Vuelta de Obligado"},"content":{"rendered":"<!-- VideographyWP Plugin Message: Automatic video embedding prevented by plugin options. -->\n\n<p>Este mi\u00e9rcoles visitaron la ciudad autoridades del Ministerio de las Mujeres, Pol\u00edticas de G\u00e9nero y Diversidad Sexual de la provincia de Buenos Aires, con el objetivo de dar detalles sobre el proyecto, enmarcado en el programa Municipios por la Igualdad, que se concretar\u00e1 en la playa p\u00fablica de Vuelta de Obligado.<\/p>\n\n\n\n<p>Ejecutado por la Secretar\u00eda de Pol\u00edticas de G\u00e9nero, Mujeres y Diversidad, y la Secretar\u00eda de Turismo y Cultura de la Municipalidad de San Pedro, el proyecto apunta a garantizar la accesibilidad a espacios p\u00fablicos y estatales a mujeres y LGTBI+, personas que ejercen tareas de cuidados, personas con discapacidad, infancias y personas mayores, de manera de promover el disfrute de la playa p\u00fablica, en condiciones de igualdad.<\/p>\n\n\n\n<p>Con los fondos provinciales destinados a tal fin se adquirir\u00e1 un veh\u00edculo de transporte similar a los carros de golf, para el traslado de personas con movilidad reducida en la playa; la construcci\u00f3n de una pasarela de madera para el acceso a la misma; la instalaci\u00f3n de juegos integrados en el entorno cercano a la playa; as\u00ed como cambiadores para beb\u00e9s, en un sector unisex, cercano a los ba\u00f1os.<\/p>\n\n\n\n<p>El proyecto incluye adem\u00e1s la colocaci\u00f3n de se\u00f1al\u00e9tica, incluyendo la carteler\u00eda en braille con direccionador sobre el sitio hist\u00f3rico, y la elaboraci\u00f3n de un mural \u00abde la integraci\u00f3n y la igualdad\u00bb.<\/p>\n\n\n\n<p>Las autoridades presentes brindaron una conferencia en el despacho del intendente Cecilio Salazar, antes de recorrer la playa de Vuelta de Obligado y el sitio hist\u00f3rico. Participaron de la actividad la Directora Provincial de Regiones, Ibis Az\u00faa; la coordinadora del programa Municipios por la Igualdad, Trinidad T\u00f3rtora; y la Directora Regional de la Regi\u00f3n Segunda, Marcela Isarra.<\/p>\n\n\n\n<p>En representaci\u00f3n de la Municipalidad estuvieron presentes la secretaria de Pol\u00edticas de G\u00e9nero, Mujeres y Diversidad, Laura Monfasani; la secretaria de Turismo y Cultura, Marcela Cu\u00f1er; el director de Ambiente, Gustavo Sol\u00e1; el director Pablo de Igarz\u00e1bal; el delegado de Vuelta de Obligado, Hugo Borda; y la coordinadora de la Mesa Local de Atenci\u00f3n y Prevenci\u00f3n de Violencia de G\u00e9nero y Familiar, Nadia Quiroga.<\/p>\n\n\n\n<iframe data-src=\"https:\/\/www.facebook.com\/plugins\/video.php?height=314&#038;href=https%3A%2F%2Fwww.facebook.com%2Fdiariosp2%2Fvideos%2F897372044826631%2F&#038;show_text=false&#038;width=560&#038;t=0\" width=\"560\" height=\"314\" style=\"border:none;overflow:hidden\" scrolling=\"no\" frameborder=\"0\" allowfullscreen=\"true\" allow=\"autoplay; clipboard-write; encrypted-media; picture-in-picture; web-share\" allowFullScreen=\"true\" src=\"data:image\/svg+xml;base64,PHN2ZyB3aWR0aD0iMSIgaGVpZ2h0PSIxIiB4bWxucz0iaHR0cDovL3d3dy53My5vcmcvMjAwMC9zdmciPjwvc3ZnPg==\" class=\"lazyload\" data-load-mode=\"1\"><\/iframe>\n\n\n\n<figure class=\"wp-block-image size-full\"><img decoding=\"async\" width=\"946\" height=\"630\" data-attachment-id=\"116334\" data-permalink=\"https:\/\/eldiariodesanpedro.com.ar\/sitio\/autoridades-del-ministerio-de-las-mujeres-junto-al-intendente-cecilio-salazar-explicaron-el-proyecto-para-la-playa-de-vuelta-de-obligado\/whatsapp-image-2023-03-29-at-18-19-47-2\/\" data-orig-file=\"https:\/\/eldiariodesanpedro.com.ar\/sitio\/wp-content\/uploads\/2023\/03\/WhatsApp-Image-2023-03-29-at-18.19.47-2.jpeg\" data-orig-size=\"946,630\" data-comments-opened=\"0\" data-image-meta=\"{&quot;aperture&quot;:&quot;0&quot;,&quot;credit&quot;:&quot;&quot;,&quot;camera&quot;:&quot;&quot;,&quot;caption&quot;:&quot;&quot;,&quot;created_timestamp&quot;:&quot;0&quot;,&quot;copyright&quot;:&quot;&quot;,&quot;focal_length&quot;:&quot;0&quot;,&quot;iso&quot;:&quot;0&quot;,&quot;shutter_speed&quot;:&quot;0&quot;,&quot;title&quot;:&quot;&quot;,&quot;orientation&quot;:&quot;0&quot;}\" data-image-title=\"WhatsApp Image 2023-03-29 at 18.19.47\" data-image-description=\"\" data-image-caption=\"\" data-large-file=\"https:\/\/eldiariodesanpedro.com.ar\/sitio\/wp-content\/uploads\/2023\/03\/WhatsApp-Image-2023-03-29-at-18.19.47-2.jpeg\" data-src=\"https:\/\/eldiariodesanpedro.com.ar\/sitio\/wp-content\/uploads\/2023\/03\/WhatsApp-Image-2023-03-29-at-18.19.47-2.jpeg\" alt=\"\" class=\"wp-image-116334 lazyload\" data-srcset=\"https:\/\/eldiariodesanpedro.com.ar\/sitio\/wp-content\/uploads\/2023\/03\/WhatsApp-Image-2023-03-29-at-18.19.47-2.jpeg 946w, https:\/\/eldiariodesanpedro.com.ar\/sitio\/wp-content\/uploads\/2023\/03\/WhatsApp-Image-2023-03-29-at-18.19.47-2-300x200.jpeg 300w, https:\/\/eldiariodesanpedro.com.ar\/sitio\/wp-content\/uploads\/2023\/03\/WhatsApp-Image-2023-03-29-at-18.19.47-2-768x511.jpeg 768w\" data-sizes=\"(max-width: 946px) 100vw, 946px\" src=\"data:image\/svg+xml;base64,PHN2ZyB3aWR0aD0iMSIgaGVpZ2h0PSIxIiB4bWxucz0iaHR0cDovL3d3dy53My5vcmcvMjAwMC9zdmciPjwvc3ZnPg==\" style=\"--smush-placeholder-width: 946px; --smush-placeholder-aspect-ratio: 946\/630;\" \/><\/figure>\n\n\n\n<figure class=\"wp-block-image size-full\"><img decoding=\"async\" width=\"946\" height=\"630\" data-attachment-id=\"116336\" data-permalink=\"https:\/\/eldiariodesanpedro.com.ar\/sitio\/autoridades-del-ministerio-de-las-mujeres-junto-al-intendente-cecilio-salazar-explicaron-el-proyecto-para-la-playa-de-vuelta-de-obligado\/whatsapp-image-2023-03-29-at-18-19-49-2\/\" data-orig-file=\"https:\/\/eldiariodesanpedro.com.ar\/sitio\/wp-content\/uploads\/2023\/03\/WhatsApp-Image-2023-03-29-at-18.19.49-1.jpeg\" data-orig-size=\"946,630\" data-comments-opened=\"0\" data-image-meta=\"{&quot;aperture&quot;:&quot;0&quot;,&quot;credit&quot;:&quot;&quot;,&quot;camera&quot;:&quot;&quot;,&quot;caption&quot;:&quot;&quot;,&quot;created_timestamp&quot;:&quot;0&quot;,&quot;copyright&quot;:&quot;&quot;,&quot;focal_length&quot;:&quot;0&quot;,&quot;iso&quot;:&quot;0&quot;,&quot;shutter_speed&quot;:&quot;0&quot;,&quot;title&quot;:&quot;&quot;,&quot;orientation&quot;:&quot;0&quot;}\" data-image-title=\"WhatsApp Image 2023-03-29 at 18.19.49\" data-image-description=\"\" data-image-caption=\"\" data-large-file=\"https:\/\/eldiariodesanpedro.com.ar\/sitio\/wp-content\/uploads\/2023\/03\/WhatsApp-Image-2023-03-29-at-18.19.49-1.jpeg\" data-src=\"https:\/\/eldiariodesanpedro.com.ar\/sitio\/wp-content\/uploads\/2023\/03\/WhatsApp-Image-2023-03-29-at-18.19.49-1.jpeg\" alt=\"\" class=\"wp-image-116336 lazyload\" data-srcset=\"https:\/\/eldiariodesanpedro.com.ar\/sitio\/wp-content\/uploads\/2023\/03\/WhatsApp-Image-2023-03-29-at-18.19.49-1.jpeg 946w, https:\/\/eldiariodesanpedro.com.ar\/sitio\/wp-content\/uploads\/2023\/03\/WhatsApp-Image-2023-03-29-at-18.19.49-1-300x200.jpeg 300w, https:\/\/eldiariodesanpedro.com.ar\/sitio\/wp-content\/uploads\/2023\/03\/WhatsApp-Image-2023-03-29-at-18.19.49-1-768x511.jpeg 768w\" data-sizes=\"(max-width: 946px) 100vw, 946px\" src=\"data:image\/svg+xml;base64,PHN2ZyB3aWR0aD0iMSIgaGVpZ2h0PSIxIiB4bWxucz0iaHR0cDovL3d3dy53My5vcmcvMjAwMC9zdmciPjwvc3ZnPg==\" style=\"--smush-placeholder-width: 946px; --smush-placeholder-aspect-ratio: 946\/630;\" \/><\/figure>\n\n\n\n<figure class=\"wp-block-image size-full\"><img decoding=\"async\" width=\"1018\" height=\"630\" data-attachment-id=\"116335\" data-permalink=\"https:\/\/eldiariodesanpedro.com.ar\/sitio\/autoridades-del-ministerio-de-las-mujeres-junto-al-intendente-cecilio-salazar-explicaron-el-proyecto-para-la-playa-de-vuelta-de-obligado\/whatsapp-image-2023-03-29-at-18-19-48-2\/\" data-orig-file=\"https:\/\/eldiariodesanpedro.com.ar\/sitio\/wp-content\/uploads\/2023\/03\/WhatsApp-Image-2023-03-29-at-18.19.48-1.jpeg\" data-orig-size=\"1018,630\" data-comments-opened=\"0\" data-image-meta=\"{&quot;aperture&quot;:&quot;0&quot;,&quot;credit&quot;:&quot;&quot;,&quot;camera&quot;:&quot;&quot;,&quot;caption&quot;:&quot;&quot;,&quot;created_timestamp&quot;:&quot;0&quot;,&quot;copyright&quot;:&quot;&quot;,&quot;focal_length&quot;:&quot;0&quot;,&quot;iso&quot;:&quot;0&quot;,&quot;shutter_speed&quot;:&quot;0&quot;,&quot;title&quot;:&quot;&quot;,&quot;orientation&quot;:&quot;0&quot;}\" data-image-title=\"WhatsApp Image 2023-03-29 at 18.19.48\" data-image-description=\"\" data-image-caption=\"\" data-large-file=\"https:\/\/eldiariodesanpedro.com.ar\/sitio\/wp-content\/uploads\/2023\/03\/WhatsApp-Image-2023-03-29-at-18.19.48-1.jpeg\" data-src=\"https:\/\/eldiariodesanpedro.com.ar\/sitio\/wp-content\/uploads\/2023\/03\/WhatsApp-Image-2023-03-29-at-18.19.48-1.jpeg\" alt=\"\" class=\"wp-image-116335 lazyload\" data-srcset=\"https:\/\/eldiariodesanpedro.com.ar\/sitio\/wp-content\/uploads\/2023\/03\/WhatsApp-Image-2023-03-29-at-18.19.48-1.jpeg 1018w, https:\/\/eldiariodesanpedro.com.ar\/sitio\/wp-content\/uploads\/2023\/03\/WhatsApp-Image-2023-03-29-at-18.19.48-1-300x186.jpeg 300w, https:\/\/eldiariodesanpedro.com.ar\/sitio\/wp-content\/uploads\/2023\/03\/WhatsApp-Image-2023-03-29-at-18.19.48-1-768x475.jpeg 768w\" data-sizes=\"(max-width: 1018px) 100vw, 1018px\" src=\"data:image\/svg+xml;base64,PHN2ZyB3aWR0aD0iMSIgaGVpZ2h0PSIxIiB4bWxucz0iaHR0cDovL3d3dy53My5vcmcvMjAwMC9zdmciPjwvc3ZnPg==\" style=\"--smush-placeholder-width: 1018px; --smush-placeholder-aspect-ratio: 1018\/630;\" \/><\/figure>\n","protected":false},"excerpt":{"rendered":"<p>Este mi\u00e9rcoles visitaron la ciudad autoridades del Ministerio de las Mujeres, Pol\u00edticas de G\u00e9nero y Diversidad Sexual de la provincia de Buenos Aires, con el objetivo de dar detalles sobre el proyecto, enmarcado en el programa Municipios por la Igualdad, que se concretar\u00e1 en la playa p\u00fablica de Vuelta de Obligado. Ejecutado por la Secretar\u00eda [&hellip;]<\/p>\n","protected":false},"author":4,"featured_media":116332,"comment_status":"closed","ping_status":"closed","sticky":false,"template":"","format":"standard","meta":{"om_disable_all_campaigns":false,"_jetpack_memberships_contains_paid_content":false,"footnotes":""},"categories":[50,101,2],"tags":[197,696,33,19],"class_list":["post-116331","post","type-post","status-publish","format-standard","has-post-thumbnail","hentry","category-destacadas","category-interes-general-locales","category-locales","tag-buenos-aires","tag-interes-general","tag-locales","tag-san-pedro"],"aioseo_notices":[],"gutentor_comment":0,"jetpack_featured_media_url":"https:\/\/eldiariodesanpedro.com.ar\/sitio\/wp-content\/uploads\/2023\/03\/WhatsApp-Image-2023-03-29-at-18.19.44-1.jpeg","jetpack_shortlink":"https:\/\/wp.me\/p6RhLt-ugj","jetpack_sharing_enabled":true,"_links":{"self":[{"href":"https:\/\/eldiariodesanpedro.com.ar\/sitio\/wp-json\/wp\/v2\/posts\/116331","targetHints":{"allow":["GET"]}}],"collection":[{"href":"https:\/\/eldiariodesanpedro.com.ar\/sitio\/wp-json\/wp\/v2\/posts"}],"about":[{"href":"https:\/\/eldiariodesanpedro.com.ar\/sitio\/wp-json\/wp\/v2\/types\/post"}],"author":[{"embeddable":true,"href":"https:\/\/eldiariodesanpedro.com.ar\/sitio\/wp-json\/wp\/v2\/users\/4"}],"replies":[{"embeddable":true,"href":"https:\/\/eldiariodesanpedro.com.ar\/sitio\/wp-json\/wp\/v2\/comments?post=116331"}],"version-history":[{"count":1,"href":"https:\/\/eldiariodesanpedro.com.ar\/sitio\/wp-json\/wp\/v2\/posts\/116331\/revisions"}],"predecessor-version":[{"id":116337,"href":"https:\/\/eldiariodesanpedro.com.ar\/sitio\/wp-json\/wp\/v2\/posts\/116331\/revisions\/116337"}],"wp:featuredmedia":[{"embeddable":true,"href":"https:\/\/eldiariodesanpedro.com.ar\/sitio\/wp-json\/wp\/v2\/media\/116332"}],"wp:attachment":[{"href":"https:\/\/eldiariodesanpedro.com.ar\/sitio\/wp-json\/wp\/v2\/media?parent=116331"}],"wp:term":[{"taxonomy":"category","embeddable":true,"href":"https:\/\/eldiariodesanpedro.com.ar\/sitio\/wp-json\/wp\/v2\/categories?post=116331"},{"taxonomy":"post_tag","embeddable":true,"href":"https:\/\/eldiariodesanpedro.com.ar\/sitio\/wp-json\/wp\/v2\/tags?post=116331"}],"curies":[{"name":"wp","href":"https:\/\/api.w.org\/{rel}","templated":true}]}}