{"id":116321,"date":"2023-03-29T18:26:40","date_gmt":"2023-03-29T21:26:40","guid":{"rendered":"https:\/\/eldiariodesanpedro.com.ar\/sitio\/?p=116321"},"modified":"2023-03-29T18:26:41","modified_gmt":"2023-03-29T21:26:41","slug":"el-intendente-salazar-recibio-a-la-fiscal-general-para-la-firma-de-un-convenio-de-cooperacion-con-la-secretaria-de-seguridad","status":"publish","type":"post","link":"https:\/\/eldiariodesanpedro.com.ar\/sitio\/el-intendente-salazar-recibio-a-la-fiscal-general-para-la-firma-de-un-convenio-de-cooperacion-con-la-secretaria-de-seguridad\/","title":{"rendered":"El Intendente Salazar recibi\u00f3 a la Fiscal General para la firma de un convenio de cooperaci\u00f3n con la Secretar\u00eda de Seguridad"},"content":{"rendered":"<!-- VideographyWP Plugin Message: Automatic video embedding prevented by plugin options. -->\n\n<p>El Intendente Cecilio Salazar, acompa\u00f1ado por el Secretario de Seguridad, Juan Carlos Ag\u00fcero y el Asesor Letrado, Dr. Ricardo Uguet recibieron esta tarde en la Municipalidad a la Fiscal General Interina, Dra. Sandra Bicetti, junto a personal de la Procuraci\u00f3n General, para suscribir un convenio de colaboraci\u00f3n que apunta a fortalecer el v\u00ednculo entre las partes para trabajar en conjunto en acciones de prevenci\u00f3n e investigaci\u00f3n de delitos.<\/p>\n\n\n\n<p>Durante el encuentro firmaron la continuidad de este convenio de colaboraci\u00f3n relacionado con la cooperaci\u00f3n tecnol\u00f3gica que, en este caso puntual, ponen a disposici\u00f3n todos los recursos con los que se dispone y especialmente el material registrado desde el Centro de Monitoreo para llevar adelante medidas con rapidez.<\/p>\n\n\n\n<p>Desde la Municipalidad se comprometi\u00f3 adem\u00e1s un relevamiento de todas las herramientas que pueden generar un mayor apoyo a la intervenci\u00f3n del Ministerio P\u00fablico.<\/p>\n\n\n\n<p>El Intendente, Cecilio Salazar y el Secretario de Seguridad, Juan Carlos Ag\u00fcero expresaron su satisfacci\u00f3n por la visita de la Fiscal y por la predisposici\u00f3n para continuar trabajando en un tema tan sensible para toda la comunidad.<\/p>\n\n\n\n<figure class=\"wp-block-image size-full\"><img decoding=\"async\" width=\"942\" height=\"630\" data-attachment-id=\"116323\" data-permalink=\"https:\/\/eldiariodesanpedro.com.ar\/sitio\/el-intendente-salazar-recibio-a-la-fiscal-general-para-la-firma-de-un-convenio-de-cooperacion-con-la-secretaria-de-seguridad\/whatsapp-image-2023-03-29-at-17-43-49\/\" data-orig-file=\"https:\/\/eldiariodesanpedro.com.ar\/sitio\/wp-content\/uploads\/2023\/03\/WhatsApp-Image-2023-03-29-at-17.43.49.jpeg\" data-orig-size=\"942,630\" data-comments-opened=\"0\" data-image-meta=\"{&quot;aperture&quot;:&quot;0&quot;,&quot;credit&quot;:&quot;&quot;,&quot;camera&quot;:&quot;&quot;,&quot;caption&quot;:&quot;&quot;,&quot;created_timestamp&quot;:&quot;0&quot;,&quot;copyright&quot;:&quot;&quot;,&quot;focal_length&quot;:&quot;0&quot;,&quot;iso&quot;:&quot;0&quot;,&quot;shutter_speed&quot;:&quot;0&quot;,&quot;title&quot;:&quot;&quot;,&quot;orientation&quot;:&quot;0&quot;}\" data-image-title=\"WhatsApp Image 2023-03-29 at 17.43.49\" data-image-description=\"\" data-image-caption=\"\" data-large-file=\"https:\/\/eldiariodesanpedro.com.ar\/sitio\/wp-content\/uploads\/2023\/03\/WhatsApp-Image-2023-03-29-at-17.43.49.jpeg\" data-src=\"https:\/\/eldiariodesanpedro.com.ar\/sitio\/wp-content\/uploads\/2023\/03\/WhatsApp-Image-2023-03-29-at-17.43.49.jpeg\" alt=\"\" class=\"wp-image-116323 lazyload\" data-srcset=\"https:\/\/eldiariodesanpedro.com.ar\/sitio\/wp-content\/uploads\/2023\/03\/WhatsApp-Image-2023-03-29-at-17.43.49.jpeg 942w, https:\/\/eldiariodesanpedro.com.ar\/sitio\/wp-content\/uploads\/2023\/03\/WhatsApp-Image-2023-03-29-at-17.43.49-300x201.jpeg 300w, https:\/\/eldiariodesanpedro.com.ar\/sitio\/wp-content\/uploads\/2023\/03\/WhatsApp-Image-2023-03-29-at-17.43.49-768x514.jpeg 768w\" data-sizes=\"(max-width: 942px) 100vw, 942px\" src=\"data:image\/svg+xml;base64,PHN2ZyB3aWR0aD0iMSIgaGVpZ2h0PSIxIiB4bWxucz0iaHR0cDovL3d3dy53My5vcmcvMjAwMC9zdmciPjwvc3ZnPg==\" style=\"--smush-placeholder-width: 942px; --smush-placeholder-aspect-ratio: 942\/630;\" \/><\/figure>\n\n\n\n<figure class=\"wp-block-image size-large\"><img decoding=\"async\" width=\"1024\" height=\"609\" data-attachment-id=\"116324\" data-permalink=\"https:\/\/eldiariodesanpedro.com.ar\/sitio\/el-intendente-salazar-recibio-a-la-fiscal-general-para-la-firma-de-un-convenio-de-cooperacion-con-la-secretaria-de-seguridad\/whatsapp-image-2023-03-29-at-17-43-50\/\" data-orig-file=\"https:\/\/eldiariodesanpedro.com.ar\/sitio\/wp-content\/uploads\/2023\/03\/WhatsApp-Image-2023-03-29-at-17.43.50.jpeg\" data-orig-size=\"1059,630\" data-comments-opened=\"0\" data-image-meta=\"{&quot;aperture&quot;:&quot;0&quot;,&quot;credit&quot;:&quot;&quot;,&quot;camera&quot;:&quot;&quot;,&quot;caption&quot;:&quot;&quot;,&quot;created_timestamp&quot;:&quot;0&quot;,&quot;copyright&quot;:&quot;&quot;,&quot;focal_length&quot;:&quot;0&quot;,&quot;iso&quot;:&quot;0&quot;,&quot;shutter_speed&quot;:&quot;0&quot;,&quot;title&quot;:&quot;&quot;,&quot;orientation&quot;:&quot;0&quot;}\" data-image-title=\"WhatsApp Image 2023-03-29 at 17.43.50\" data-image-description=\"\" data-image-caption=\"\" data-large-file=\"https:\/\/eldiariodesanpedro.com.ar\/sitio\/wp-content\/uploads\/2023\/03\/WhatsApp-Image-2023-03-29-at-17.43.50-1024x609.jpeg\" data-src=\"https:\/\/eldiariodesanpedro.com.ar\/sitio\/wp-content\/uploads\/2023\/03\/WhatsApp-Image-2023-03-29-at-17.43.50-1024x609.jpeg\" alt=\"\" class=\"wp-image-116324 lazyload\" data-srcset=\"https:\/\/eldiariodesanpedro.com.ar\/sitio\/wp-content\/uploads\/2023\/03\/WhatsApp-Image-2023-03-29-at-17.43.50-1024x609.jpeg 1024w, https:\/\/eldiariodesanpedro.com.ar\/sitio\/wp-content\/uploads\/2023\/03\/WhatsApp-Image-2023-03-29-at-17.43.50-300x178.jpeg 300w, https:\/\/eldiariodesanpedro.com.ar\/sitio\/wp-content\/uploads\/2023\/03\/WhatsApp-Image-2023-03-29-at-17.43.50-768x457.jpeg 768w, https:\/\/eldiariodesanpedro.com.ar\/sitio\/wp-content\/uploads\/2023\/03\/WhatsApp-Image-2023-03-29-at-17.43.50.jpeg 1059w\" data-sizes=\"(max-width: 1024px) 100vw, 1024px\" src=\"data:image\/svg+xml;base64,PHN2ZyB3aWR0aD0iMSIgaGVpZ2h0PSIxIiB4bWxucz0iaHR0cDovL3d3dy53My5vcmcvMjAwMC9zdmciPjwvc3ZnPg==\" style=\"--smush-placeholder-width: 1024px; --smush-placeholder-aspect-ratio: 1024\/609;\" \/><\/figure>\n","protected":false},"excerpt":{"rendered":"<p>El Intendente Cecilio Salazar, acompa\u00f1ado por el Secretario de Seguridad, Juan Carlos Ag\u00fcero y el Asesor Letrado, Dr. Ricardo Uguet recibieron esta tarde en la Municipalidad a la Fiscal General Interina, Dra. Sandra Bicetti, junto a personal de la Procuraci\u00f3n General, para suscribir un convenio de colaboraci\u00f3n que apunta a fortalecer el v\u00ednculo entre las [&hellip;]<\/p>\n","protected":false},"author":4,"featured_media":116322,"comment_status":"closed","ping_status":"closed","sticky":false,"template":"","format":"standard","meta":{"om_disable_all_campaigns":false,"_jetpack_memberships_contains_paid_content":false,"footnotes":""},"categories":[50,101,2],"tags":[197,696,33,19],"class_list":["post-116321","post","type-post","status-publish","format-standard","has-post-thumbnail","hentry","category-destacadas","category-interes-general-locales","category-locales","tag-buenos-aires","tag-interes-general","tag-locales","tag-san-pedro"],"aioseo_notices":[],"gutentor_comment":0,"jetpack_featured_media_url":"https:\/\/eldiariodesanpedro.com.ar\/sitio\/wp-content\/uploads\/2023\/03\/WhatsApp-Image-2023-03-29-at-17.43.48.jpeg","jetpack_shortlink":"https:\/\/wp.me\/p6RhLt-ug9","jetpack_sharing_enabled":true,"_links":{"self":[{"href":"https:\/\/eldiariodesanpedro.com.ar\/sitio\/wp-json\/wp\/v2\/posts\/116321","targetHints":{"allow":["GET"]}}],"collection":[{"href":"https:\/\/eldiariodesanpedro.com.ar\/sitio\/wp-json\/wp\/v2\/posts"}],"about":[{"href":"https:\/\/eldiariodesanpedro.com.ar\/sitio\/wp-json\/wp\/v2\/types\/post"}],"author":[{"embeddable":true,"href":"https:\/\/eldiariodesanpedro.com.ar\/sitio\/wp-json\/wp\/v2\/users\/4"}],"replies":[{"embeddable":true,"href":"https:\/\/eldiariodesanpedro.com.ar\/sitio\/wp-json\/wp\/v2\/comments?post=116321"}],"version-history":[{"count":1,"href":"https:\/\/eldiariodesanpedro.com.ar\/sitio\/wp-json\/wp\/v2\/posts\/116321\/revisions"}],"predecessor-version":[{"id":116330,"href":"https:\/\/eldiariodesanpedro.com.ar\/sitio\/wp-json\/wp\/v2\/posts\/116321\/revisions\/116330"}],"wp:featuredmedia":[{"embeddable":true,"href":"https:\/\/eldiariodesanpedro.com.ar\/sitio\/wp-json\/wp\/v2\/media\/116322"}],"wp:attachment":[{"href":"https:\/\/eldiariodesanpedro.com.ar\/sitio\/wp-json\/wp\/v2\/media?parent=116321"}],"wp:term":[{"taxonomy":"category","embeddable":true,"href":"https:\/\/eldiariodesanpedro.com.ar\/sitio\/wp-json\/wp\/v2\/categories?post=116321"},{"taxonomy":"post_tag","embeddable":true,"href":"https:\/\/eldiariodesanpedro.com.ar\/sitio\/wp-json\/wp\/v2\/tags?post=116321"}],"curies":[{"name":"wp","href":"https:\/\/api.w.org\/{rel}","templated":true}]}}