{"id":116318,"date":"2023-03-29T16:09:08","date_gmt":"2023-03-29T19:09:08","guid":{"rendered":"https:\/\/eldiariodesanpedro.com.ar\/sitio\/?p=116318"},"modified":"2023-03-29T16:09:10","modified_gmt":"2023-03-29T19:09:10","slug":"ordenaron-la-prision-domiciliaria-de-gustavo-pescado-dominguez","status":"publish","type":"post","link":"https:\/\/eldiariodesanpedro.com.ar\/sitio\/ordenaron-la-prision-domiciliaria-de-gustavo-pescado-dominguez\/","title":{"rendered":"Ordenaron la prisi\u00f3n domiciliaria de Gustavo \u00abPescado\u00bb Dominguez"},"content":{"rendered":"<!-- VideographyWP Plugin Message: Automatic video embedding prevented by plugin options. -->\n\n<p>Lo decidi\u00f3 el juzgado que hizo lugar a la solicitud del Dr. Gabriel Gan\u00f3n, defensor del imputado.<\/p>\n\n\n\n<p>En la tarde del martes el juzgado interviniente dict\u00f3 el arresto domiciliario de Gustavo \u00abPescado\u00bb Dom\u00ednguez. As\u00ed lo adelant\u00f3 en exclusiva en el aire de FM G\u00e9nesis y San Pedro Informa el abogado defensor del imputado, Dr. Gabriel Gan\u00f3n.<\/p>\n\n\n\n<p>El letrado explic\u00f3 c\u00f3mo se dieron los pasos hasta llegar a la medida luego de que sea solicitada d\u00edas despu\u00e9s de que Dom\u00ednguez se entregara a principios del mes de febrero.<\/p>\n\n\n\n<p>Desde las pr\u00f3ximas horas el comerciante transportista acompa\u00f1ar\u00e1 el proceso desde el domicilio fijado y custodiado a trav\u00e9s del sistema de pulsera electr\u00f3nica.<\/p>\n\n\n\n<p>Dom\u00ednguez, propietario de la empresa Expreso Hada, est\u00e1 acusado de integrar una banda de piratas del asfalto que perpetr\u00f3 un hecho en jurisdicci\u00f3n de la ciudad de Jun\u00edn.<\/p>\n\n\n\n<p>En la causa hay varias personas involucradas, entre ellas el ch\u00f3fer Juan Carlos Mendizabal, tambi\u00e9n con arresto domiciliario, y el propio hijo de Dom\u00ednguez, el piloto Federico Dom\u00ednguez, quien tambi\u00e9n estuvo detenido pero luego liberado.<\/p>\n","protected":false},"excerpt":{"rendered":"<p>Lo decidi\u00f3 el juzgado que hizo lugar a la solicitud del Dr. Gabriel Gan\u00f3n, defensor del imputado. En la tarde del martes el juzgado interviniente dict\u00f3 el arresto domiciliario de Gustavo \u00abPescado\u00bb Dom\u00ednguez. As\u00ed lo adelant\u00f3 en exclusiva en el aire de FM G\u00e9nesis y San Pedro Informa el abogado defensor del imputado, Dr. Gabriel [&hellip;]<\/p>\n","protected":false},"author":4,"featured_media":116319,"comment_status":"closed","ping_status":"closed","sticky":false,"template":"","format":"standard","meta":{"om_disable_all_campaigns":false,"_jetpack_memberships_contains_paid_content":false,"footnotes":""},"categories":[50,101,2],"tags":[197,696,33,19],"class_list":["post-116318","post","type-post","status-publish","format-standard","has-post-thumbnail","hentry","category-destacadas","category-interes-general-locales","category-locales","tag-buenos-aires","tag-interes-general","tag-locales","tag-san-pedro"],"aioseo_notices":[],"gutentor_comment":0,"jetpack_featured_media_url":"https:\/\/eldiariodesanpedro.com.ar\/sitio\/wp-content\/uploads\/2023\/03\/0000021738-resized-1920x1080-1.jpg","jetpack_shortlink":"https:\/\/wp.me\/p6RhLt-ug6","jetpack_sharing_enabled":true,"_links":{"self":[{"href":"https:\/\/eldiariodesanpedro.com.ar\/sitio\/wp-json\/wp\/v2\/posts\/116318","targetHints":{"allow":["GET"]}}],"collection":[{"href":"https:\/\/eldiariodesanpedro.com.ar\/sitio\/wp-json\/wp\/v2\/posts"}],"about":[{"href":"https:\/\/eldiariodesanpedro.com.ar\/sitio\/wp-json\/wp\/v2\/types\/post"}],"author":[{"embeddable":true,"href":"https:\/\/eldiariodesanpedro.com.ar\/sitio\/wp-json\/wp\/v2\/users\/4"}],"replies":[{"embeddable":true,"href":"https:\/\/eldiariodesanpedro.com.ar\/sitio\/wp-json\/wp\/v2\/comments?post=116318"}],"version-history":[{"count":1,"href":"https:\/\/eldiariodesanpedro.com.ar\/sitio\/wp-json\/wp\/v2\/posts\/116318\/revisions"}],"predecessor-version":[{"id":116320,"href":"https:\/\/eldiariodesanpedro.com.ar\/sitio\/wp-json\/wp\/v2\/posts\/116318\/revisions\/116320"}],"wp:featuredmedia":[{"embeddable":true,"href":"https:\/\/eldiariodesanpedro.com.ar\/sitio\/wp-json\/wp\/v2\/media\/116319"}],"wp:attachment":[{"href":"https:\/\/eldiariodesanpedro.com.ar\/sitio\/wp-json\/wp\/v2\/media?parent=116318"}],"wp:term":[{"taxonomy":"category","embeddable":true,"href":"https:\/\/eldiariodesanpedro.com.ar\/sitio\/wp-json\/wp\/v2\/categories?post=116318"},{"taxonomy":"post_tag","embeddable":true,"href":"https:\/\/eldiariodesanpedro.com.ar\/sitio\/wp-json\/wp\/v2\/tags?post=116318"}],"curies":[{"name":"wp","href":"https:\/\/api.w.org\/{rel}","templated":true}]}}