{"id":116315,"date":"2023-03-29T15:59:39","date_gmt":"2023-03-29T18:59:39","guid":{"rendered":"https:\/\/eldiariodesanpedro.com.ar\/sitio\/?p=116315"},"modified":"2023-03-29T15:59:41","modified_gmt":"2023-03-29T18:59:41","slug":"una-sampedrina-atropello-a-un-banderillero-que-trabajaba-en-la-ruta-nacional-9-en-altura-de-alsina","status":"publish","type":"post","link":"https:\/\/eldiariodesanpedro.com.ar\/sitio\/una-sampedrina-atropello-a-un-banderillero-que-trabajaba-en-la-ruta-nacional-9-en-altura-de-alsina\/","title":{"rendered":"Una sampedrina atropell\u00f3 a un banderillero que trabajaba en la Ruta Nacional 9 en altura de Alsina"},"content":{"rendered":"<!-- VideographyWP Plugin Message: Automatic video embedding prevented by plugin options. -->\n\n<p>Sucedi\u00f3 en la tarde del martes sobre el kil\u00f3metro 124. El trabajador se encontraba se\u00f1alizando una obra vial cuando fue embestido. Sufri\u00f3 heridas graves pero su vida no corre peligro.<\/p>\n\n\n\n<p>Un trabajador de 23 a\u00f1os que se encontraba se\u00f1alizando una obra vial sobre el kil\u00f3metro 124 de la Ruta Nacional N\u00b0 9 sufri\u00f3 diversas heridas al ser embestido por un auto que circulaba por ese lugar.<\/p>\n\n\n\n<p>Sucedi\u00f3 en la tarde del martes sobre la mano que conduce a Capital Federal a la altura de la ciudad de Baradero.<\/p>\n\n\n\n<p>El rodado que protagoniz\u00f3 el incidente era guiado por una vecina sampedrina identificada como Carla Vitale y por el momento no trascendieron detalles de c\u00f3mo se origin\u00f3 el accidente.<\/p>\n\n\n\n<p>El operario sufri\u00f3 diversas fracturas y traumatismos y fue asistido de inmediato siendo trasladado al Hospital \u201cLino Pi\u00f1eiro\u201d de Baradero aunque m\u00e1s tarde fue tra\u00eddo al Hospital Privado Sadiv, instituci\u00f3n que pertenece a la familia de la conductora y donde la v\u00edctima continuar\u00e1 con su recuperaci\u00f3n.<\/p>\n","protected":false},"excerpt":{"rendered":"<p>Sucedi\u00f3 en la tarde del martes sobre el kil\u00f3metro 124. El trabajador se encontraba se\u00f1alizando una obra vial cuando fue embestido. Sufri\u00f3 heridas graves pero su vida no corre peligro. Un trabajador de 23 a\u00f1os que se encontraba se\u00f1alizando una obra vial sobre el kil\u00f3metro 124 de la Ruta Nacional N\u00b0 9 sufri\u00f3 diversas heridas [&hellip;]<\/p>\n","protected":false},"author":4,"featured_media":116316,"comment_status":"closed","ping_status":"closed","sticky":false,"template":"","format":"standard","meta":{"om_disable_all_campaigns":false,"_jetpack_memberships_contains_paid_content":false,"footnotes":""},"categories":[50,2,103],"tags":[197,33,95,19],"class_list":["post-116315","post","type-post","status-publish","format-standard","has-post-thumbnail","hentry","category-destacadas","category-locales","category-policiales-locales","tag-buenos-aires","tag-locales","tag-policiales","tag-san-pedro"],"aioseo_notices":[],"gutentor_comment":0,"jetpack_featured_media_url":"https:\/\/eldiariodesanpedro.com.ar\/sitio\/wp-content\/uploads\/2023\/03\/0000021739-resized-1920x1080-1.jpg","jetpack_shortlink":"https:\/\/wp.me\/p6RhLt-ug3","jetpack_sharing_enabled":true,"_links":{"self":[{"href":"https:\/\/eldiariodesanpedro.com.ar\/sitio\/wp-json\/wp\/v2\/posts\/116315","targetHints":{"allow":["GET"]}}],"collection":[{"href":"https:\/\/eldiariodesanpedro.com.ar\/sitio\/wp-json\/wp\/v2\/posts"}],"about":[{"href":"https:\/\/eldiariodesanpedro.com.ar\/sitio\/wp-json\/wp\/v2\/types\/post"}],"author":[{"embeddable":true,"href":"https:\/\/eldiariodesanpedro.com.ar\/sitio\/wp-json\/wp\/v2\/users\/4"}],"replies":[{"embeddable":true,"href":"https:\/\/eldiariodesanpedro.com.ar\/sitio\/wp-json\/wp\/v2\/comments?post=116315"}],"version-history":[{"count":1,"href":"https:\/\/eldiariodesanpedro.com.ar\/sitio\/wp-json\/wp\/v2\/posts\/116315\/revisions"}],"predecessor-version":[{"id":116317,"href":"https:\/\/eldiariodesanpedro.com.ar\/sitio\/wp-json\/wp\/v2\/posts\/116315\/revisions\/116317"}],"wp:featuredmedia":[{"embeddable":true,"href":"https:\/\/eldiariodesanpedro.com.ar\/sitio\/wp-json\/wp\/v2\/media\/116316"}],"wp:attachment":[{"href":"https:\/\/eldiariodesanpedro.com.ar\/sitio\/wp-json\/wp\/v2\/media?parent=116315"}],"wp:term":[{"taxonomy":"category","embeddable":true,"href":"https:\/\/eldiariodesanpedro.com.ar\/sitio\/wp-json\/wp\/v2\/categories?post=116315"},{"taxonomy":"post_tag","embeddable":true,"href":"https:\/\/eldiariodesanpedro.com.ar\/sitio\/wp-json\/wp\/v2\/tags?post=116315"}],"curies":[{"name":"wp","href":"https:\/\/api.w.org\/{rel}","templated":true}]}}