{"id":116305,"date":"2023-03-29T10:59:22","date_gmt":"2023-03-29T13:59:22","guid":{"rendered":"https:\/\/eldiariodesanpedro.com.ar\/sitio\/?p=116305"},"modified":"2023-03-29T10:59:26","modified_gmt":"2023-03-29T13:59:26","slug":"ayer-ricardo-darin-visito-san-pedro-junto-a-dolores-fonzi-y-santiago-mitre","status":"publish","type":"post","link":"https:\/\/eldiariodesanpedro.com.ar\/sitio\/ayer-ricardo-darin-visito-san-pedro-junto-a-dolores-fonzi-y-santiago-mitre\/","title":{"rendered":"Ayer Ricardo Dar\u00edn visit\u00f3 San Pedro junto a Dolores Fonzi y Santiago Mitre"},"content":{"rendered":"<!-- VideographyWP Plugin Message: Automatic video embedding prevented by plugin options. -->\n\n<p>El reconocido actor de cine y televisi\u00f3n estuvo en nuestra ciudad en la tarde de este martes. Lo hizo acompa\u00f1ado de Dolores Fonzi y Santiago Mitre (director y guionista de cine argentino, pareja de la actriz). Visitaron este mediod\u00eda el Club N\u00e1utico para compartir un almuerzo en Cantina N\u00e1utica.<\/p>\n\n\n\n<p>\u00abCon mucha generosidad y disfrutando de nuestro maravilloso lugar, accedieron a firmar el Libro de Honor de nuestra instituci\u00f3n invitados por el Secretario Dar\u00edo L\u00f3pez, el Tesorero Esteban Greco Mart\u00ednez y el Gerente Jorge Birador\u00bb, expresaron desde la instituci\u00f3n ribere\u00f1a en su redes sociales. Y agregaron: \u00abUn visita sorpresiva y muy gratificante que recibimos en nuestra instituci\u00f3n\u00bb.<\/p>\n\n\n\n<p>Junto a ellos estuvieron tambi\u00e9n compartiendo la visita el Director de la pel\u00edcula \u00ab1985\u00bb, Santiago Mitre y la esposa de Ricardo Dar\u00edn, Florencia Bass.<\/p>\n\n\n\n<p><a href=\"http:\/\/canalwebsanpedro.com.ar\/ricardo-darin-visito-san-pedro-junto-a-dolores-fonzi-y-santiago-mitre\/\"><\/a><\/p>\n","protected":false},"excerpt":{"rendered":"<p>El reconocido actor de cine y televisi\u00f3n estuvo en nuestra ciudad en la tarde de este martes. Lo hizo acompa\u00f1ado de Dolores Fonzi y Santiago Mitre (director y guionista de cine argentino, pareja de la actriz). Visitaron este mediod\u00eda el Club N\u00e1utico para compartir un almuerzo en Cantina N\u00e1utica. \u00abCon mucha generosidad y disfrutando de [&hellip;]<\/p>\n","protected":false},"author":4,"featured_media":116306,"comment_status":"closed","ping_status":"closed","sticky":false,"template":"","format":"standard","meta":{"om_disable_all_campaigns":false,"_jetpack_memberships_contains_paid_content":false,"footnotes":""},"categories":[50,101,2],"tags":[197,696,33,19],"class_list":["post-116305","post","type-post","status-publish","format-standard","has-post-thumbnail","hentry","category-destacadas","category-interes-general-locales","category-locales","tag-buenos-aires","tag-interes-general","tag-locales","tag-san-pedro"],"aioseo_notices":[],"gutentor_comment":0,"jetpack_featured_media_url":"https:\/\/eldiariodesanpedro.com.ar\/sitio\/wp-content\/uploads\/2023\/03\/338410438_740273324444267_6000305540918433418_n.jpg","jetpack_shortlink":"https:\/\/wp.me\/p6RhLt-ufT","jetpack_sharing_enabled":true,"_links":{"self":[{"href":"https:\/\/eldiariodesanpedro.com.ar\/sitio\/wp-json\/wp\/v2\/posts\/116305","targetHints":{"allow":["GET"]}}],"collection":[{"href":"https:\/\/eldiariodesanpedro.com.ar\/sitio\/wp-json\/wp\/v2\/posts"}],"about":[{"href":"https:\/\/eldiariodesanpedro.com.ar\/sitio\/wp-json\/wp\/v2\/types\/post"}],"author":[{"embeddable":true,"href":"https:\/\/eldiariodesanpedro.com.ar\/sitio\/wp-json\/wp\/v2\/users\/4"}],"replies":[{"embeddable":true,"href":"https:\/\/eldiariodesanpedro.com.ar\/sitio\/wp-json\/wp\/v2\/comments?post=116305"}],"version-history":[{"count":1,"href":"https:\/\/eldiariodesanpedro.com.ar\/sitio\/wp-json\/wp\/v2\/posts\/116305\/revisions"}],"predecessor-version":[{"id":116307,"href":"https:\/\/eldiariodesanpedro.com.ar\/sitio\/wp-json\/wp\/v2\/posts\/116305\/revisions\/116307"}],"wp:featuredmedia":[{"embeddable":true,"href":"https:\/\/eldiariodesanpedro.com.ar\/sitio\/wp-json\/wp\/v2\/media\/116306"}],"wp:attachment":[{"href":"https:\/\/eldiariodesanpedro.com.ar\/sitio\/wp-json\/wp\/v2\/media?parent=116305"}],"wp:term":[{"taxonomy":"category","embeddable":true,"href":"https:\/\/eldiariodesanpedro.com.ar\/sitio\/wp-json\/wp\/v2\/categories?post=116305"},{"taxonomy":"post_tag","embeddable":true,"href":"https:\/\/eldiariodesanpedro.com.ar\/sitio\/wp-json\/wp\/v2\/tags?post=116305"}],"curies":[{"name":"wp","href":"https:\/\/api.w.org\/{rel}","templated":true}]}}