{"id":116296,"date":"2023-03-28T13:32:00","date_gmt":"2023-03-28T16:32:00","guid":{"rendered":"https:\/\/eldiariodesanpedro.com.ar\/sitio\/?p=116296"},"modified":"2023-03-28T13:32:03","modified_gmt":"2023-03-28T16:32:03","slug":"continua-la-prorroga-del-plan-de-facilidades-con-quita-del-90-de-intereses-al-contado-y-hasta-24-cuotas","status":"publish","type":"post","link":"https:\/\/eldiariodesanpedro.com.ar\/sitio\/continua-la-prorroga-del-plan-de-facilidades-con-quita-del-90-de-intereses-al-contado-y-hasta-24-cuotas\/","title":{"rendered":"Contin\u00faa la pr\u00f3rroga del Plan de Facilidades con quita del 90% de intereses al contado y hasta 24 cuotas"},"content":{"rendered":"<!-- VideographyWP Plugin Message: Automatic video embedding prevented by plugin options. -->\n\n<p>La Direcci\u00f3n de Rentas de la Municipalidad de San Pedro reitera que se ha dispuesto una extensi\u00f3n por 90 d\u00edas, para el plan de facilidades habilitado para regularizar las tasas de Alumbrado Barrido y Limpieza, Servicios Sanitarios, Red Vial, Seguridad e Higiene y Publicidad y Propaganda.<\/p>\n\n\n\n<p>Las condiciones actualmente vigentes ofrecen una quita del 90% de intereses para pagos al contado o financiaci\u00f3n hasta en 24 cuotas. Para realizar el tr\u00e1mite y obtener mayor informaci\u00f3n se pueden dirigir a la Direcci\u00f3n de Rentas en Pellegrini 150 de lunes a viernes de 7 a 14 o ingresar en <a href=\"http:\/\/www.sanpedro.gob.ar\">www.sanpedro.gob.ar<\/a>.<\/p>\n\n\n\n<p>Se informa adem\u00e1s que personal de la Direcci\u00f3n de Rentas llevar\u00e1 a cabo nuevas jornadas de atenci\u00f3n en las Delegaciones Municipales, visitando la localidad de Santa Luc\u00eda los d\u00edas 13 y 14 de abril; Gobernador Castro el 20 y 21 de abril y R\u00edo Tala el 27 de abril.<\/p>\n","protected":false},"excerpt":{"rendered":"<p>La Direcci\u00f3n de Rentas de la Municipalidad de San Pedro reitera que se ha dispuesto una extensi\u00f3n por 90 d\u00edas, para el plan de facilidades habilitado para regularizar las tasas de Alumbrado Barrido y Limpieza, Servicios Sanitarios, Red Vial, Seguridad e Higiene y Publicidad y Propaganda. Las condiciones actualmente vigentes ofrecen una quita del 90% [&hellip;]<\/p>\n","protected":false},"author":4,"featured_media":116297,"comment_status":"closed","ping_status":"closed","sticky":false,"template":"","format":"standard","meta":{"om_disable_all_campaigns":false,"_jetpack_memberships_contains_paid_content":false,"footnotes":""},"categories":[101,2],"tags":[197,696,33,19],"class_list":["post-116296","post","type-post","status-publish","format-standard","has-post-thumbnail","hentry","category-interes-general-locales","category-locales","tag-buenos-aires","tag-interes-general","tag-locales","tag-san-pedro"],"aioseo_notices":[],"gutentor_comment":0,"jetpack_featured_media_url":"https:\/\/eldiariodesanpedro.com.ar\/sitio\/wp-content\/uploads\/2023\/03\/medida-30.jpg","jetpack_shortlink":"https:\/\/wp.me\/p6RhLt-ufK","jetpack_sharing_enabled":true,"_links":{"self":[{"href":"https:\/\/eldiariodesanpedro.com.ar\/sitio\/wp-json\/wp\/v2\/posts\/116296","targetHints":{"allow":["GET"]}}],"collection":[{"href":"https:\/\/eldiariodesanpedro.com.ar\/sitio\/wp-json\/wp\/v2\/posts"}],"about":[{"href":"https:\/\/eldiariodesanpedro.com.ar\/sitio\/wp-json\/wp\/v2\/types\/post"}],"author":[{"embeddable":true,"href":"https:\/\/eldiariodesanpedro.com.ar\/sitio\/wp-json\/wp\/v2\/users\/4"}],"replies":[{"embeddable":true,"href":"https:\/\/eldiariodesanpedro.com.ar\/sitio\/wp-json\/wp\/v2\/comments?post=116296"}],"version-history":[{"count":1,"href":"https:\/\/eldiariodesanpedro.com.ar\/sitio\/wp-json\/wp\/v2\/posts\/116296\/revisions"}],"predecessor-version":[{"id":116298,"href":"https:\/\/eldiariodesanpedro.com.ar\/sitio\/wp-json\/wp\/v2\/posts\/116296\/revisions\/116298"}],"wp:featuredmedia":[{"embeddable":true,"href":"https:\/\/eldiariodesanpedro.com.ar\/sitio\/wp-json\/wp\/v2\/media\/116297"}],"wp:attachment":[{"href":"https:\/\/eldiariodesanpedro.com.ar\/sitio\/wp-json\/wp\/v2\/media?parent=116296"}],"wp:term":[{"taxonomy":"category","embeddable":true,"href":"https:\/\/eldiariodesanpedro.com.ar\/sitio\/wp-json\/wp\/v2\/categories?post=116296"},{"taxonomy":"post_tag","embeddable":true,"href":"https:\/\/eldiariodesanpedro.com.ar\/sitio\/wp-json\/wp\/v2\/tags?post=116296"}],"curies":[{"name":"wp","href":"https:\/\/api.w.org\/{rel}","templated":true}]}}