{"id":116288,"date":"2023-03-28T11:26:51","date_gmt":"2023-03-28T14:26:51","guid":{"rendered":"https:\/\/eldiariodesanpedro.com.ar\/sitio\/?p=116288"},"modified":"2023-03-28T11:26:54","modified_gmt":"2023-03-28T14:26:54","slug":"calendario-de-pagos-de-anses-para-el-proximo-mes-de-abril","status":"publish","type":"post","link":"https:\/\/eldiariodesanpedro.com.ar\/sitio\/calendario-de-pagos-de-anses-para-el-proximo-mes-de-abril\/","title":{"rendered":"Calendario de pagos de Anses para el pr\u00f3ximo mes de Abril"},"content":{"rendered":"<!-- VideographyWP Plugin Message: Automatic video embedding prevented by plugin options. -->\n\n<p><strong>ANSES comunica los calendarios de pagos de&nbsp;<\/strong><strong>abril<\/strong><strong>&nbsp;para jubiladas, jubilados, pensionadas, pensionados, Pensiones No Contributivas y titulares de la Asignaci\u00f3n Universal por Hijo, la Asignaci\u00f3n por Embarazo, Asignaciones Familiares, de Pago \u00danico (Matrimonio, Nacimiento y Adopci\u00f3n) y Prestaci\u00f3n por Desempleo.<\/strong><\/p>\n\n\n\n<p><strong>Asimismo, el organismo recuerda que&nbsp;<\/strong><strong>los jubilados y pensionados de la m\u00ednima reciben el segundo refuerzo de 15 mil pesos<\/strong><strong>,<\/strong>&nbsp;que decrece hasta los 5000 pesospara los que perciban hasta dos haberes m\u00ednimos.<\/p>\n\n\n\n<p><strong>Jubilaciones y pensiones que no superen un haber m\u00ednimo<\/strong><\/p>\n\n\n\n<p><strong>\u00b7\u00a0\u00a0\u00a0\u00a0\u00a0\u00a0\u00a0\u00a0DNI terminados en 0: 12 de abril<\/strong><br><strong>\u00b7\u00a0\u00a0\u00a0\u00a0\u00a0\u00a0\u00a0\u00a0DNI terminados en 1: 13 de abril<\/strong><br><strong>\u00b7\u00a0\u00a0\u00a0\u00a0\u00a0\u00a0\u00a0\u00a0DNI terminados en 2: 14 de abril<\/strong><br><strong>\u00b7\u00a0\u00a0\u00a0\u00a0\u00a0\u00a0\u00a0\u00a0DNI terminados en 3: 17 de abril<\/strong><br><strong>\u00b7\u00a0\u00a0\u00a0\u00a0\u00a0\u00a0\u00a0\u00a0DNI terminados en 4: 18 de abril<\/strong><br><strong>\u00b7\u00a0\u00a0\u00a0\u00a0\u00a0\u00a0\u00a0\u00a0DNI terminados en 5: 18 de abril<\/strong><br><strong>\u00b7\u00a0\u00a0\u00a0\u00a0\u00a0\u00a0\u00a0\u00a0DNI terminados en 6: 19 de abril<\/strong><br><strong>\u00b7\u00a0\u00a0\u00a0\u00a0\u00a0\u00a0\u00a0\u00a0DNI terminados en 7: 19 de abril<\/strong><br><strong>\u00b7\u00a0\u00a0\u00a0\u00a0\u00a0\u00a0\u00a0\u00a0DNI terminados en 8: 20 de abril<\/strong><br><strong>\u00b7\u00a0\u00a0\u00a0\u00a0\u00a0\u00a0\u00a0\u00a0DNI terminados en 9: 21 de abril<\/strong><\/p>\n\n\n\n<p><strong>Jubilaciones y pensiones que superen un haber m\u00ednimo<\/strong><br><strong>\u00b7\u00a0\u00a0\u00a0\u00a0\u00a0\u00a0\u00a0\u00a0DNI terminados en 0 y 1: 24 de abril<\/strong><br><strong>\u00b7\u00a0\u00a0\u00a0\u00a0\u00a0\u00a0\u00a0\u00a0DNI terminados en 2 y 3: 25 de abril<\/strong><br><strong>\u00b7\u00a0\u00a0\u00a0\u00a0\u00a0\u00a0\u00a0\u00a0DNI terminados en 4 y 5: 26 de abril<\/strong><br><strong>\u00b7\u00a0\u00a0\u00a0\u00a0\u00a0\u00a0\u00a0\u00a0DNI terminados en 6 y 7: 27 de abril<\/strong><br><strong>\u00b7\u00a0\u00a0\u00a0\u00a0\u00a0\u00a0\u00a0\u00a0DNI terminados en 8 y 9: 28 de abril<\/strong><\/p>\n\n\n\n<p><strong>Asignaci\u00f3n Universal por Hijo y Asignaci\u00f3n Familiar por Hijo<\/strong><br><strong>\u00b7\u00a0\u00a0\u00a0\u00a0\u00a0\u00a0\u00a0\u00a0DNI terminados en 0: 12 de abril<\/strong><br><strong>\u00b7\u00a0\u00a0\u00a0\u00a0\u00a0\u00a0\u00a0\u00a0DNI terminados en 1: 13 de abril<\/strong><br><strong>\u00b7\u00a0\u00a0\u00a0\u00a0\u00a0\u00a0\u00a0\u00a0DNI terminados en 2: 14 de abril<\/strong><br><strong>\u00b7\u00a0\u00a0\u00a0\u00a0\u00a0\u00a0\u00a0\u00a0DNI terminados en 3: 17 de abril<\/strong><br><strong>\u00b7\u00a0\u00a0\u00a0\u00a0\u00a0\u00a0\u00a0\u00a0DNI terminados en 4: 18 de abril<\/strong><br><strong>\u00b7\u00a0\u00a0\u00a0\u00a0\u00a0\u00a0\u00a0\u00a0DNI terminados en 5: 19 de abril<\/strong><br><strong>\u00b7\u00a0\u00a0\u00a0\u00a0\u00a0\u00a0\u00a0\u00a0DNI terminados en 6: 20 de abril<\/strong><br><strong>\u00b7\u00a0\u00a0\u00a0\u00a0\u00a0\u00a0\u00a0\u00a0DNI terminados en 7: 21 de abril<\/strong><br><strong>\u00b7\u00a0\u00a0\u00a0\u00a0\u00a0\u00a0\u00a0\u00a0DNI terminados en 8: 24 de abril<\/strong><br><strong>\u00b7\u00a0\u00a0\u00a0\u00a0\u00a0\u00a0\u00a0\u00a0DNI terminados en 9: 25 de abril<\/strong><\/p>\n\n\n\n<p><strong>Asignaci\u00f3n por Embarazo<\/strong><br><strong>\u00b7\u00a0\u00a0\u00a0\u00a0\u00a0\u00a0\u00a0\u00a0DNI terminados en 0: 10 de abril<\/strong><br><strong>\u00b7\u00a0\u00a0\u00a0\u00a0\u00a0\u00a0\u00a0\u00a0DNI terminados en 1: 11 de abril<\/strong><br><strong>\u00b7\u00a0\u00a0\u00a0\u00a0\u00a0\u00a0\u00a0\u00a0DNI terminados en 2: 12 de abril<\/strong><br><strong>\u00b7\u00a0\u00a0\u00a0\u00a0\u00a0\u00a0\u00a0\u00a0DNI terminados en 3: 13 de abril<\/strong><br><strong>\u00b7\u00a0\u00a0\u00a0\u00a0\u00a0\u00a0\u00a0\u00a0DNI terminados en 4: 14 de abril<\/strong><br><strong>\u00b7\u00a0\u00a0\u00a0\u00a0\u00a0\u00a0\u00a0\u00a0DNI terminados en 5: 17 de abril<\/strong><br><strong>\u00b7\u00a0\u00a0\u00a0\u00a0\u00a0\u00a0\u00a0\u00a0DNI terminados en 6: 18 de abril<\/strong><br><strong>\u00b7\u00a0\u00a0\u00a0\u00a0\u00a0\u00a0\u00a0\u00a0DNI terminados en 7: 19 de abril<\/strong><br><strong>\u00b7\u00a0\u00a0\u00a0\u00a0\u00a0\u00a0\u00a0\u00a0DNI terminados en 8: 20 de abril<\/strong><br><strong>\u00b7\u00a0\u00a0\u00a0\u00a0\u00a0\u00a0\u00a0\u00a0DNI terminados en 9: 21 de abril<\/strong><\/p>\n\n\n\n<p><strong>Asignaci\u00f3n por Prenatal y Maternidad<\/strong><br><strong>\u00b7\u00a0\u00a0\u00a0\u00a0\u00a0\u00a0\u00a0\u00a0DNI terminados en 0 y 1: 12 de abril<\/strong><br><strong>\u00b7\u00a0\u00a0\u00a0\u00a0\u00a0\u00a0\u00a0\u00a0DNI terminados en 2 y 3: 13 de abril<\/strong><br><strong>\u00b7\u00a0\u00a0\u00a0\u00a0\u00a0\u00a0\u00a0\u00a0DNI terminados en 4 y 5: 14 de abril<\/strong><br><strong>\u00b7\u00a0\u00a0\u00a0\u00a0\u00a0\u00a0\u00a0\u00a0DNI terminados en 6 y 7: 17 de abril<\/strong><br><strong>\u00b7\u00a0\u00a0\u00a0\u00a0\u00a0\u00a0\u00a0\u00a0DNI terminados en 8 y 9: 18 de abril<\/strong><\/p>\n\n\n\n<p><strong>Asignaciones Pago \u00danico<\/strong><br><strong>\u00b7\u00a0\u00a0\u00a0\u00a0\u00a0\u00a0\u00a0\u00a0Todas las terminaciones de documentos: 10 de abril al 10 de mayo<\/strong><\/p>\n\n\n\n<p><strong>Pensiones No Contributivas<\/strong><br><strong>\u00b7\u00a0\u00a0\u00a0\u00a0\u00a0\u00a0\u00a0\u00a0DNI terminados en 0 y 1: 3 de\u00a0<\/strong>abril<br><strong>\u00b7\u00a0\u00a0\u00a0\u00a0\u00a0\u00a0\u00a0\u00a0DNI terminados en 2 y 3: 4 de\u00a0<\/strong>abril<br><strong>\u00b7\u00a0\u00a0\u00a0\u00a0\u00a0\u00a0\u00a0\u00a0DNI terminados en 4 y 5: 5 de\u00a0<\/strong>abril<br><strong>\u00b7\u00a0\u00a0\u00a0\u00a0\u00a0\u00a0\u00a0\u00a0DNI terminados en 6 y 7: 10 de\u00a0<\/strong>abril<br><strong>\u00b7\u00a0\u00a0\u00a0\u00a0\u00a0\u00a0\u00a0\u00a0DNI terminados en 8 y 9: 11 de\u00a0<\/strong>abril<\/p>\n\n\n\n<p><strong>Asignaciones Familiares de Pensiones No Contributivas<\/strong><br><strong>\u00b7\u00a0\u00a0\u00a0\u00a0\u00a0\u00a0\u00a0\u00a0Todas las terminaciones de documentos: 12 de abril al 10 de mayo<\/strong><\/p>\n\n\n\n<p><strong>Desempleo<\/strong><br><strong>\u00b7\u00a0\u00a0\u00a0\u00a0\u00a0\u00a0\u00a0\u00a0DNI terminados en 0 y 1: 24 de\u00a0<\/strong>abril<br><strong>\u00b7\u00a0\u00a0\u00a0\u00a0\u00a0\u00a0\u00a0\u00a0DNI terminados en 2 y 3: 25 de\u00a0<\/strong>abril<br><strong>\u00b7\u00a0\u00a0\u00a0\u00a0\u00a0\u00a0\u00a0\u00a0DNI terminados en 4 y 5: 26 de\u00a0<\/strong>abril<br><strong>\u00b7\u00a0\u00a0\u00a0\u00a0\u00a0\u00a0\u00a0\u00a0DNI terminados en 6 y 7: 27 de\u00a0<\/strong>abril<br><strong>\u00b7\u00a0\u00a0\u00a0\u00a0\u00a0\u00a0\u00a0\u00a0DNI terminados en 8 y 9: 28 de\u00a0<\/strong>abril<\/p>\n","protected":false},"excerpt":{"rendered":"<p>ANSES comunica los calendarios de pagos de&nbsp;abril&nbsp;para jubiladas, jubilados, pensionadas, pensionados, Pensiones No Contributivas y titulares de la Asignaci\u00f3n Universal por Hijo, la Asignaci\u00f3n por Embarazo, Asignaciones Familiares, de Pago \u00danico (Matrimonio, Nacimiento y Adopci\u00f3n) y Prestaci\u00f3n por Desempleo. Asimismo, el organismo recuerda que&nbsp;los jubilados y pensionados de la m\u00ednima reciben el segundo refuerzo de [&hellip;]<\/p>\n","protected":false},"author":4,"featured_media":74872,"comment_status":"closed","ping_status":"closed","sticky":false,"template":"","format":"standard","meta":{"om_disable_all_campaigns":false,"_jetpack_memberships_contains_paid_content":false,"footnotes":""},"categories":[101,2],"tags":[197,696,33,19],"class_list":["post-116288","post","type-post","status-publish","format-standard","has-post-thumbnail","hentry","category-interes-general-locales","category-locales","tag-buenos-aires","tag-interes-general","tag-locales","tag-san-pedro"],"aioseo_notices":[],"gutentor_comment":0,"jetpack_featured_media_url":"https:\/\/eldiariodesanpedro.com.ar\/sitio\/wp-content\/uploads\/2020\/06\/SM-anses-07052020.jpeg","jetpack_shortlink":"https:\/\/wp.me\/p6RhLt-ufC","jetpack_sharing_enabled":true,"_links":{"self":[{"href":"https:\/\/eldiariodesanpedro.com.ar\/sitio\/wp-json\/wp\/v2\/posts\/116288","targetHints":{"allow":["GET"]}}],"collection":[{"href":"https:\/\/eldiariodesanpedro.com.ar\/sitio\/wp-json\/wp\/v2\/posts"}],"about":[{"href":"https:\/\/eldiariodesanpedro.com.ar\/sitio\/wp-json\/wp\/v2\/types\/post"}],"author":[{"embeddable":true,"href":"https:\/\/eldiariodesanpedro.com.ar\/sitio\/wp-json\/wp\/v2\/users\/4"}],"replies":[{"embeddable":true,"href":"https:\/\/eldiariodesanpedro.com.ar\/sitio\/wp-json\/wp\/v2\/comments?post=116288"}],"version-history":[{"count":1,"href":"https:\/\/eldiariodesanpedro.com.ar\/sitio\/wp-json\/wp\/v2\/posts\/116288\/revisions"}],"predecessor-version":[{"id":116289,"href":"https:\/\/eldiariodesanpedro.com.ar\/sitio\/wp-json\/wp\/v2\/posts\/116288\/revisions\/116289"}],"wp:featuredmedia":[{"embeddable":true,"href":"https:\/\/eldiariodesanpedro.com.ar\/sitio\/wp-json\/wp\/v2\/media\/74872"}],"wp:attachment":[{"href":"https:\/\/eldiariodesanpedro.com.ar\/sitio\/wp-json\/wp\/v2\/media?parent=116288"}],"wp:term":[{"taxonomy":"category","embeddable":true,"href":"https:\/\/eldiariodesanpedro.com.ar\/sitio\/wp-json\/wp\/v2\/categories?post=116288"},{"taxonomy":"post_tag","embeddable":true,"href":"https:\/\/eldiariodesanpedro.com.ar\/sitio\/wp-json\/wp\/v2\/tags?post=116288"}],"curies":[{"name":"wp","href":"https:\/\/api.w.org\/{rel}","templated":true}]}}