{"id":116280,"date":"2023-03-28T10:34:45","date_gmt":"2023-03-28T13:34:45","guid":{"rendered":"https:\/\/eldiariodesanpedro.com.ar\/sitio\/?p=116280"},"modified":"2023-03-28T10:34:47","modified_gmt":"2023-03-28T13:34:47","slug":"campana-de-vacunacion-antigripal-2023","status":"publish","type":"post","link":"https:\/\/eldiariodesanpedro.com.ar\/sitio\/campana-de-vacunacion-antigripal-2023\/","title":{"rendered":"Campa\u00f1a de vacunaci\u00f3n antigripal 2023"},"content":{"rendered":"<!-- VideographyWP Plugin Message: Automatic video embedding prevented by plugin options. -->\n\n<p>La Secretar\u00eda de Salud de la Municipalidad de San Pedro informa que contin\u00faa la Campa\u00f1a Nacional de Vacunaci\u00f3n Antigripal 2023, extendiendo su aplicaci\u00f3n tanto al personal de salud como embarazadas y pu\u00e9rperas, ni\u00f1as y ni\u00f1os de 6 a 24 meses, personas de 2 a 64 a\u00f1os con factores de riesgo y trabajadores con aves.<\/p>\n\n\n\n<p>La aplicaci\u00f3n estar\u00e1 disponible en el Hospital Municipal Dr. Emilio Ruffa como as\u00ed tambi\u00e9n en los centros de salud y localidades del Partido. Adem\u00e1s, los afiliados a las obras sociales PAMI y IOMA podr\u00e1n acceder a su aplicaci\u00f3n de forma gratuita en farmacias y centros de atenci\u00f3n dispuestos por las mismas.<\/p>\n\n\n\n<p>La vacuna antigripal tiene por objetivo reducir las complicaciones, hospitalizaciones, secuelas y muertes ocasionadas por la infecci\u00f3n por el virus influenza en la poblaci\u00f3n de riesgo.<\/p>\n\n\n\n<p>Recordemos que la gripe o influenza es una enfermedad viral respiratoria muy transmisible ya que se contagia de una persona a otra, por el contacto de gotitas provenientes de la v\u00eda respiratoria de personas infectadas que se propagan al toser, estornudar o tambi\u00e9n a trav\u00e9s de superficies u objetos contaminados con estas secreciones.<\/p>\n\n\n\n<p>Si bien, por lo general, la mayor\u00eda de los afectados se recupera en una o dos semanas, en los grupos poblaciones de riesgo puede ocasionar graves complicaciones.<\/p>\n\n\n\n<figure class=\"wp-block-image size-full\"><img decoding=\"async\" width=\"630\" height=\"630\" data-attachment-id=\"116281\" data-permalink=\"https:\/\/eldiariodesanpedro.com.ar\/sitio\/campana-de-vacunacion-antigripal-2023\/whatsapp-image-2023-03-28-at-09-21-36\/\" data-orig-file=\"https:\/\/eldiariodesanpedro.com.ar\/sitio\/wp-content\/uploads\/2023\/03\/WhatsApp-Image-2023-03-28-at-09.21.36.jpeg\" data-orig-size=\"630,630\" data-comments-opened=\"0\" data-image-meta=\"{&quot;aperture&quot;:&quot;0&quot;,&quot;credit&quot;:&quot;&quot;,&quot;camera&quot;:&quot;&quot;,&quot;caption&quot;:&quot;&quot;,&quot;created_timestamp&quot;:&quot;0&quot;,&quot;copyright&quot;:&quot;&quot;,&quot;focal_length&quot;:&quot;0&quot;,&quot;iso&quot;:&quot;0&quot;,&quot;shutter_speed&quot;:&quot;0&quot;,&quot;title&quot;:&quot;&quot;,&quot;orientation&quot;:&quot;0&quot;}\" data-image-title=\"WhatsApp Image 2023-03-28 at 09.21.36\" data-image-description=\"\" data-image-caption=\"\" data-large-file=\"https:\/\/eldiariodesanpedro.com.ar\/sitio\/wp-content\/uploads\/2023\/03\/WhatsApp-Image-2023-03-28-at-09.21.36.jpeg\" data-src=\"https:\/\/eldiariodesanpedro.com.ar\/sitio\/wp-content\/uploads\/2023\/03\/WhatsApp-Image-2023-03-28-at-09.21.36.jpeg\" alt=\"\" class=\"wp-image-116281 lazyload\" data-srcset=\"https:\/\/eldiariodesanpedro.com.ar\/sitio\/wp-content\/uploads\/2023\/03\/WhatsApp-Image-2023-03-28-at-09.21.36.jpeg 630w, https:\/\/eldiariodesanpedro.com.ar\/sitio\/wp-content\/uploads\/2023\/03\/WhatsApp-Image-2023-03-28-at-09.21.36-300x300.jpeg 300w, https:\/\/eldiariodesanpedro.com.ar\/sitio\/wp-content\/uploads\/2023\/03\/WhatsApp-Image-2023-03-28-at-09.21.36-150x150.jpeg 150w\" data-sizes=\"(max-width: 630px) 100vw, 630px\" src=\"data:image\/svg+xml;base64,PHN2ZyB3aWR0aD0iMSIgaGVpZ2h0PSIxIiB4bWxucz0iaHR0cDovL3d3dy53My5vcmcvMjAwMC9zdmciPjwvc3ZnPg==\" style=\"--smush-placeholder-width: 630px; --smush-placeholder-aspect-ratio: 630\/630;\" \/><\/figure>\n","protected":false},"excerpt":{"rendered":"<p>La Secretar\u00eda de Salud de la Municipalidad de San Pedro informa que contin\u00faa la Campa\u00f1a Nacional de Vacunaci\u00f3n Antigripal 2023, extendiendo su aplicaci\u00f3n tanto al personal de salud como embarazadas y pu\u00e9rperas, ni\u00f1as y ni\u00f1os de 6 a 24 meses, personas de 2 a 64 a\u00f1os con factores de riesgo y trabajadores con aves. La [&hellip;]<\/p>\n","protected":false},"author":4,"featured_media":99735,"comment_status":"closed","ping_status":"closed","sticky":false,"template":"","format":"standard","meta":{"om_disable_all_campaigns":false,"_jetpack_memberships_contains_paid_content":false,"footnotes":""},"categories":[101,2],"tags":[197,696,33,19],"class_list":["post-116280","post","type-post","status-publish","format-standard","has-post-thumbnail","hentry","category-interes-general-locales","category-locales","tag-buenos-aires","tag-interes-general","tag-locales","tag-san-pedro"],"aioseo_notices":[],"gutentor_comment":0,"jetpack_featured_media_url":"https:\/\/eldiariodesanpedro.com.ar\/sitio\/wp-content\/uploads\/2021\/09\/vacunacion-menoresjpg.jpg","jetpack_shortlink":"https:\/\/wp.me\/p6RhLt-ufu","jetpack_sharing_enabled":true,"_links":{"self":[{"href":"https:\/\/eldiariodesanpedro.com.ar\/sitio\/wp-json\/wp\/v2\/posts\/116280","targetHints":{"allow":["GET"]}}],"collection":[{"href":"https:\/\/eldiariodesanpedro.com.ar\/sitio\/wp-json\/wp\/v2\/posts"}],"about":[{"href":"https:\/\/eldiariodesanpedro.com.ar\/sitio\/wp-json\/wp\/v2\/types\/post"}],"author":[{"embeddable":true,"href":"https:\/\/eldiariodesanpedro.com.ar\/sitio\/wp-json\/wp\/v2\/users\/4"}],"replies":[{"embeddable":true,"href":"https:\/\/eldiariodesanpedro.com.ar\/sitio\/wp-json\/wp\/v2\/comments?post=116280"}],"version-history":[{"count":1,"href":"https:\/\/eldiariodesanpedro.com.ar\/sitio\/wp-json\/wp\/v2\/posts\/116280\/revisions"}],"predecessor-version":[{"id":116282,"href":"https:\/\/eldiariodesanpedro.com.ar\/sitio\/wp-json\/wp\/v2\/posts\/116280\/revisions\/116282"}],"wp:featuredmedia":[{"embeddable":true,"href":"https:\/\/eldiariodesanpedro.com.ar\/sitio\/wp-json\/wp\/v2\/media\/99735"}],"wp:attachment":[{"href":"https:\/\/eldiariodesanpedro.com.ar\/sitio\/wp-json\/wp\/v2\/media?parent=116280"}],"wp:term":[{"taxonomy":"category","embeddable":true,"href":"https:\/\/eldiariodesanpedro.com.ar\/sitio\/wp-json\/wp\/v2\/categories?post=116280"},{"taxonomy":"post_tag","embeddable":true,"href":"https:\/\/eldiariodesanpedro.com.ar\/sitio\/wp-json\/wp\/v2\/tags?post=116280"}],"curies":[{"name":"wp","href":"https:\/\/api.w.org\/{rel}","templated":true}]}}