{"id":116274,"date":"2023-03-27T17:43:22","date_gmt":"2023-03-27T20:43:22","guid":{"rendered":"https:\/\/eldiariodesanpedro.com.ar\/sitio\/?p=116274"},"modified":"2023-03-27T17:43:24","modified_gmt":"2023-03-27T20:43:24","slug":"en-un-allanamiento-en-la-tosquera-se-secuestro-una-pistola-semiautomatica-que-fue-robada-dias-antes","status":"publish","type":"post","link":"https:\/\/eldiariodesanpedro.com.ar\/sitio\/en-un-allanamiento-en-la-tosquera-se-secuestro-una-pistola-semiautomatica-que-fue-robada-dias-antes\/","title":{"rendered":"En un allanamiento en la Tosquera se secuestro una pistola semiautom\u00e1tica que fue robada d\u00edas antes"},"content":{"rendered":"<!-- VideographyWP Plugin Message: Automatic video embedding prevented by plugin options. -->\n\n<p>Un operativo din\u00e1mico en prevenci\u00f3n de delitos bajo la modalidad de entraderas y robos calificados permiti\u00f3 la identificaci\u00f3n y detenci\u00f3n de dos personas que circulaban en una moto robada y portando un arma de guerra sustra\u00edda el a\u00f1o pasado.&nbsp;<\/p>\n\n\n\n<p>El procedimiento estuvo a cargo de personal de la Sub DDI Baradero en el barrio La Tosquera.&nbsp;<a><\/a><\/p>\n\n\n\n<p>En la calle Los Cazadores aprehendieron a dos j\u00f3venes de 21 y 25 a\u00f1os que circulaban en una moto Honda CG Tit\u00e1n de 150 cc negra, sin dominio, con numeraci\u00f3n de motor adulterado.&nbsp;<\/p>\n\n\n\n<p>Tras un cacheo preventivo entre sus prendas de vestir, a uno de los delincuentes les secuestraron una pistola semiautom\u00e1tica Colt calibre 11.25 mm del Ej\u00e9rcito Argentino, con cargador colocado y 6 proyectiles intactos del mismo calibre marca FLB. El arma ten\u00eda pedido de secuestro activo desde el 8 de noviembre del a\u00f1o pasado, solicitado por la UFI 7, en el marco de una investigaci\u00f3n por robo.&nbsp;<\/p>\n\n\n\n<p>La UFI 5, en turno, aval\u00f3 el accionar policial y dispuso que quien llevaba el arma sea imputado por \u00abPortaci\u00f3n ilegal de arma de guerra\u00bb y siga alojado en la Comisar\u00eda.&nbsp;<\/p>\n\n\n\n<p>El otro ocupante de la moto fue notificado de la formaci\u00f3n de la causa por infracci\u00f3n al art\u00edculo 289 del C\u00f3digo Penal (por la situaci\u00f3n de la moto) y recuper\u00f3 la libertad.<\/p>\n\n\n\n<figure class=\"wp-block-image size-full\"><img decoding=\"async\" width=\"766\" height=\"450\" data-attachment-id=\"116277\" data-permalink=\"https:\/\/eldiariodesanpedro.com.ar\/sitio\/en-un-allanamiento-en-la-tosquera-se-secuestro-una-pistola-semiautomatica-que-fue-robada-dias-antes\/la-tosquera-operativo-y-secuestro-3\/\" data-orig-file=\"https:\/\/eldiariodesanpedro.com.ar\/sitio\/wp-content\/uploads\/2023\/03\/La-Tosquera-operativo-y-secuestro-3.jpg\" data-orig-size=\"766,450\" data-comments-opened=\"0\" data-image-meta=\"{&quot;aperture&quot;:&quot;0&quot;,&quot;credit&quot;:&quot;&quot;,&quot;camera&quot;:&quot;&quot;,&quot;caption&quot;:&quot;&quot;,&quot;created_timestamp&quot;:&quot;0&quot;,&quot;copyright&quot;:&quot;&quot;,&quot;focal_length&quot;:&quot;0&quot;,&quot;iso&quot;:&quot;0&quot;,&quot;shutter_speed&quot;:&quot;0&quot;,&quot;title&quot;:&quot;&quot;,&quot;orientation&quot;:&quot;0&quot;}\" data-image-title=\"La Tosquera operativo y secuestro 3\" data-image-description=\"\" data-image-caption=\"\" data-large-file=\"https:\/\/eldiariodesanpedro.com.ar\/sitio\/wp-content\/uploads\/2023\/03\/La-Tosquera-operativo-y-secuestro-3.jpg\" data-src=\"https:\/\/eldiariodesanpedro.com.ar\/sitio\/wp-content\/uploads\/2023\/03\/La-Tosquera-operativo-y-secuestro-3.jpg\" alt=\"\" class=\"wp-image-116277 lazyload\" data-srcset=\"https:\/\/eldiariodesanpedro.com.ar\/sitio\/wp-content\/uploads\/2023\/03\/La-Tosquera-operativo-y-secuestro-3.jpg 766w, https:\/\/eldiariodesanpedro.com.ar\/sitio\/wp-content\/uploads\/2023\/03\/La-Tosquera-operativo-y-secuestro-3-300x176.jpg 300w\" data-sizes=\"(max-width: 766px) 100vw, 766px\" src=\"data:image\/svg+xml;base64,PHN2ZyB3aWR0aD0iMSIgaGVpZ2h0PSIxIiB4bWxucz0iaHR0cDovL3d3dy53My5vcmcvMjAwMC9zdmciPjwvc3ZnPg==\" style=\"--smush-placeholder-width: 766px; --smush-placeholder-aspect-ratio: 766\/450;\" \/><\/figure>\n\n\n\n<figure class=\"wp-block-image size-full\"><img decoding=\"async\" width=\"775\" height=\"451\" data-attachment-id=\"116276\" data-permalink=\"https:\/\/eldiariodesanpedro.com.ar\/sitio\/en-un-allanamiento-en-la-tosquera-se-secuestro-una-pistola-semiautomatica-que-fue-robada-dias-antes\/la-tosquera-operativo-y-secuestro-2\/\" data-orig-file=\"https:\/\/eldiariodesanpedro.com.ar\/sitio\/wp-content\/uploads\/2023\/03\/La-Tosquera-operativo-y-secuestro-2.jpg\" data-orig-size=\"775,451\" data-comments-opened=\"0\" data-image-meta=\"{&quot;aperture&quot;:&quot;0&quot;,&quot;credit&quot;:&quot;&quot;,&quot;camera&quot;:&quot;&quot;,&quot;caption&quot;:&quot;&quot;,&quot;created_timestamp&quot;:&quot;0&quot;,&quot;copyright&quot;:&quot;&quot;,&quot;focal_length&quot;:&quot;0&quot;,&quot;iso&quot;:&quot;0&quot;,&quot;shutter_speed&quot;:&quot;0&quot;,&quot;title&quot;:&quot;&quot;,&quot;orientation&quot;:&quot;0&quot;}\" data-image-title=\"La Tosquera operativo y secuestro 2\" data-image-description=\"\" data-image-caption=\"\" data-large-file=\"https:\/\/eldiariodesanpedro.com.ar\/sitio\/wp-content\/uploads\/2023\/03\/La-Tosquera-operativo-y-secuestro-2.jpg\" data-src=\"https:\/\/eldiariodesanpedro.com.ar\/sitio\/wp-content\/uploads\/2023\/03\/La-Tosquera-operativo-y-secuestro-2.jpg\" alt=\"\" class=\"wp-image-116276 lazyload\" data-srcset=\"https:\/\/eldiariodesanpedro.com.ar\/sitio\/wp-content\/uploads\/2023\/03\/La-Tosquera-operativo-y-secuestro-2.jpg 775w, https:\/\/eldiariodesanpedro.com.ar\/sitio\/wp-content\/uploads\/2023\/03\/La-Tosquera-operativo-y-secuestro-2-300x175.jpg 300w, https:\/\/eldiariodesanpedro.com.ar\/sitio\/wp-content\/uploads\/2023\/03\/La-Tosquera-operativo-y-secuestro-2-768x447.jpg 768w\" data-sizes=\"(max-width: 775px) 100vw, 775px\" src=\"data:image\/svg+xml;base64,PHN2ZyB3aWR0aD0iMSIgaGVpZ2h0PSIxIiB4bWxucz0iaHR0cDovL3d3dy53My5vcmcvMjAwMC9zdmciPjwvc3ZnPg==\" style=\"--smush-placeholder-width: 775px; --smush-placeholder-aspect-ratio: 775\/451;\" \/><\/figure>\n\n\n\n<figure class=\"wp-block-image size-full\"><img decoding=\"async\" width=\"795\" height=\"437\" data-attachment-id=\"116275\" data-permalink=\"https:\/\/eldiariodesanpedro.com.ar\/sitio\/en-un-allanamiento-en-la-tosquera-se-secuestro-una-pistola-semiautomatica-que-fue-robada-dias-antes\/la-tosquera-operativo-y-secuestro-1\/\" data-orig-file=\"https:\/\/eldiariodesanpedro.com.ar\/sitio\/wp-content\/uploads\/2023\/03\/La-Tosquera-operativo-y-secuestro-1.jpg\" data-orig-size=\"795,437\" data-comments-opened=\"0\" data-image-meta=\"{&quot;aperture&quot;:&quot;0&quot;,&quot;credit&quot;:&quot;&quot;,&quot;camera&quot;:&quot;&quot;,&quot;caption&quot;:&quot;&quot;,&quot;created_timestamp&quot;:&quot;0&quot;,&quot;copyright&quot;:&quot;&quot;,&quot;focal_length&quot;:&quot;0&quot;,&quot;iso&quot;:&quot;0&quot;,&quot;shutter_speed&quot;:&quot;0&quot;,&quot;title&quot;:&quot;&quot;,&quot;orientation&quot;:&quot;0&quot;}\" data-image-title=\"La Tosquera operativo y secuestro 1\" data-image-description=\"\" data-image-caption=\"\" data-large-file=\"https:\/\/eldiariodesanpedro.com.ar\/sitio\/wp-content\/uploads\/2023\/03\/La-Tosquera-operativo-y-secuestro-1.jpg\" data-src=\"https:\/\/eldiariodesanpedro.com.ar\/sitio\/wp-content\/uploads\/2023\/03\/La-Tosquera-operativo-y-secuestro-1.jpg\" alt=\"\" class=\"wp-image-116275 lazyload\" data-srcset=\"https:\/\/eldiariodesanpedro.com.ar\/sitio\/wp-content\/uploads\/2023\/03\/La-Tosquera-operativo-y-secuestro-1.jpg 795w, https:\/\/eldiariodesanpedro.com.ar\/sitio\/wp-content\/uploads\/2023\/03\/La-Tosquera-operativo-y-secuestro-1-300x165.jpg 300w, https:\/\/eldiariodesanpedro.com.ar\/sitio\/wp-content\/uploads\/2023\/03\/La-Tosquera-operativo-y-secuestro-1-768x422.jpg 768w\" data-sizes=\"(max-width: 795px) 100vw, 795px\" src=\"data:image\/svg+xml;base64,PHN2ZyB3aWR0aD0iMSIgaGVpZ2h0PSIxIiB4bWxucz0iaHR0cDovL3d3dy53My5vcmcvMjAwMC9zdmciPjwvc3ZnPg==\" style=\"--smush-placeholder-width: 795px; --smush-placeholder-aspect-ratio: 795\/437;\" \/><\/figure>\n","protected":false},"excerpt":{"rendered":"<p>Un operativo din\u00e1mico en prevenci\u00f3n de delitos bajo la modalidad de entraderas y robos calificados permiti\u00f3 la identificaci\u00f3n y detenci\u00f3n de dos personas que circulaban en una moto robada y portando un arma de guerra sustra\u00edda el a\u00f1o pasado.&nbsp; El procedimiento estuvo a cargo de personal de la Sub DDI Baradero en el barrio La [&hellip;]<\/p>\n","protected":false},"author":4,"featured_media":116278,"comment_status":"closed","ping_status":"closed","sticky":false,"template":"","format":"standard","meta":{"om_disable_all_campaigns":false,"_jetpack_memberships_contains_paid_content":false,"footnotes":""},"categories":[2,103],"tags":[197,33,95,19],"class_list":["post-116274","post","type-post","status-publish","format-standard","has-post-thumbnail","hentry","category-locales","category-policiales-locales","tag-buenos-aires","tag-locales","tag-policiales","tag-san-pedro"],"aioseo_notices":[],"gutentor_comment":0,"jetpack_featured_media_url":"https:\/\/eldiariodesanpedro.com.ar\/sitio\/wp-content\/uploads\/2023\/03\/La-Tosquera-operativo-y-secuestro-4.jpg","jetpack_shortlink":"https:\/\/wp.me\/p6RhLt-ufo","jetpack_sharing_enabled":true,"_links":{"self":[{"href":"https:\/\/eldiariodesanpedro.com.ar\/sitio\/wp-json\/wp\/v2\/posts\/116274","targetHints":{"allow":["GET"]}}],"collection":[{"href":"https:\/\/eldiariodesanpedro.com.ar\/sitio\/wp-json\/wp\/v2\/posts"}],"about":[{"href":"https:\/\/eldiariodesanpedro.com.ar\/sitio\/wp-json\/wp\/v2\/types\/post"}],"author":[{"embeddable":true,"href":"https:\/\/eldiariodesanpedro.com.ar\/sitio\/wp-json\/wp\/v2\/users\/4"}],"replies":[{"embeddable":true,"href":"https:\/\/eldiariodesanpedro.com.ar\/sitio\/wp-json\/wp\/v2\/comments?post=116274"}],"version-history":[{"count":1,"href":"https:\/\/eldiariodesanpedro.com.ar\/sitio\/wp-json\/wp\/v2\/posts\/116274\/revisions"}],"predecessor-version":[{"id":116279,"href":"https:\/\/eldiariodesanpedro.com.ar\/sitio\/wp-json\/wp\/v2\/posts\/116274\/revisions\/116279"}],"wp:featuredmedia":[{"embeddable":true,"href":"https:\/\/eldiariodesanpedro.com.ar\/sitio\/wp-json\/wp\/v2\/media\/116278"}],"wp:attachment":[{"href":"https:\/\/eldiariodesanpedro.com.ar\/sitio\/wp-json\/wp\/v2\/media?parent=116274"}],"wp:term":[{"taxonomy":"category","embeddable":true,"href":"https:\/\/eldiariodesanpedro.com.ar\/sitio\/wp-json\/wp\/v2\/categories?post=116274"},{"taxonomy":"post_tag","embeddable":true,"href":"https:\/\/eldiariodesanpedro.com.ar\/sitio\/wp-json\/wp\/v2\/tags?post=116274"}],"curies":[{"name":"wp","href":"https:\/\/api.w.org\/{rel}","templated":true}]}}