{"id":116271,"date":"2023-03-27T17:23:11","date_gmt":"2023-03-27T20:23:11","guid":{"rendered":"https:\/\/eldiariodesanpedro.com.ar\/sitio\/?p=116271"},"modified":"2023-03-27T17:23:14","modified_gmt":"2023-03-27T20:23:14","slug":"un-joven-aprehendido-tras-golpear-a-su-pareja-y-a-su-madre","status":"publish","type":"post","link":"https:\/\/eldiariodesanpedro.com.ar\/sitio\/un-joven-aprehendido-tras-golpear-a-su-pareja-y-a-su-madre\/","title":{"rendered":"Un joven aprehendido tras golpear a su pareja y a su madre"},"content":{"rendered":"<!-- VideographyWP Plugin Message: Automatic video embedding prevented by plugin options. -->\n\n<p>Este domingo la polic\u00eda del destacamento de Santa Lucia tuvo que intervenir en una pelea familiar donde un joven agredi\u00f3 a su pareja y a su madre.<\/p>\n\n\n\n<p>El hecho tuvo lugar en una vivienda de calle 9 de Julio al 1100 de la vecina localidad donde un joven de 22 a\u00f1os de edad fue aprehendido por efectivos debido a que instantes previos este agredi\u00f3 f\u00edsicamente a su pareja de 19 a\u00f1os de edad y tambi\u00e9n a su madre de 56 a\u00f1os.<\/p>\n\n\n\n<p>Las j\u00f3venes fueron llevadas al hospital local donde se constataron lesiones leves, por su parte tomo intervenci\u00f3n la Comisaria de la Mujer y la Familia de San Pedro donde se radico la denuncia. El joven permanecer\u00e1 aprehendido en la comisar\u00eda local.<\/p>\n","protected":false},"excerpt":{"rendered":"<p>Este domingo la polic\u00eda del destacamento de Santa Lucia tuvo que intervenir en una pelea familiar donde un joven agredi\u00f3 a su pareja y a su madre. El hecho tuvo lugar en una vivienda de calle 9 de Julio al 1100 de la vecina localidad donde un joven de 22 a\u00f1os de edad fue aprehendido [&hellip;]<\/p>\n","protected":false},"author":4,"featured_media":116272,"comment_status":"closed","ping_status":"closed","sticky":false,"template":"","format":"standard","meta":{"om_disable_all_campaigns":false,"_jetpack_memberships_contains_paid_content":false,"footnotes":""},"categories":[2,103],"tags":[197,33,95,19],"class_list":["post-116271","post","type-post","status-publish","format-standard","has-post-thumbnail","hentry","category-locales","category-policiales-locales","tag-buenos-aires","tag-locales","tag-policiales","tag-san-pedro"],"aioseo_notices":[],"gutentor_comment":0,"jetpack_featured_media_url":"https:\/\/eldiariodesanpedro.com.ar\/sitio\/wp-content\/uploads\/2023\/03\/Instagram-9.jpg","jetpack_shortlink":"https:\/\/wp.me\/p6RhLt-ufl","jetpack_sharing_enabled":true,"_links":{"self":[{"href":"https:\/\/eldiariodesanpedro.com.ar\/sitio\/wp-json\/wp\/v2\/posts\/116271","targetHints":{"allow":["GET"]}}],"collection":[{"href":"https:\/\/eldiariodesanpedro.com.ar\/sitio\/wp-json\/wp\/v2\/posts"}],"about":[{"href":"https:\/\/eldiariodesanpedro.com.ar\/sitio\/wp-json\/wp\/v2\/types\/post"}],"author":[{"embeddable":true,"href":"https:\/\/eldiariodesanpedro.com.ar\/sitio\/wp-json\/wp\/v2\/users\/4"}],"replies":[{"embeddable":true,"href":"https:\/\/eldiariodesanpedro.com.ar\/sitio\/wp-json\/wp\/v2\/comments?post=116271"}],"version-history":[{"count":1,"href":"https:\/\/eldiariodesanpedro.com.ar\/sitio\/wp-json\/wp\/v2\/posts\/116271\/revisions"}],"predecessor-version":[{"id":116273,"href":"https:\/\/eldiariodesanpedro.com.ar\/sitio\/wp-json\/wp\/v2\/posts\/116271\/revisions\/116273"}],"wp:featuredmedia":[{"embeddable":true,"href":"https:\/\/eldiariodesanpedro.com.ar\/sitio\/wp-json\/wp\/v2\/media\/116272"}],"wp:attachment":[{"href":"https:\/\/eldiariodesanpedro.com.ar\/sitio\/wp-json\/wp\/v2\/media?parent=116271"}],"wp:term":[{"taxonomy":"category","embeddable":true,"href":"https:\/\/eldiariodesanpedro.com.ar\/sitio\/wp-json\/wp\/v2\/categories?post=116271"},{"taxonomy":"post_tag","embeddable":true,"href":"https:\/\/eldiariodesanpedro.com.ar\/sitio\/wp-json\/wp\/v2\/tags?post=116271"}],"curies":[{"name":"wp","href":"https:\/\/api.w.org\/{rel}","templated":true}]}}