{"id":116268,"date":"2023-03-27T17:01:23","date_gmt":"2023-03-27T20:01:23","guid":{"rendered":"https:\/\/eldiariodesanpedro.com.ar\/sitio\/?p=116268"},"modified":"2023-03-27T17:01:24","modified_gmt":"2023-03-27T20:01:24","slug":"un-ciudadano-que-se-encontraba-junto-a-su-hijastra-de-8-anos-intento-usurpar-una-vivienda","status":"publish","type":"post","link":"https:\/\/eldiariodesanpedro.com.ar\/sitio\/un-ciudadano-que-se-encontraba-junto-a-su-hijastra-de-8-anos-intento-usurpar-una-vivienda\/","title":{"rendered":"Un ciudadano que se encontraba junto a su hijastra de 8 a\u00f1os intent\u00f3 usurpar una vivienda"},"content":{"rendered":"<!-- VideographyWP Plugin Message: Automatic video embedding prevented by plugin options. -->\n\n<p>Este domingo a ra\u00edz de un llamado a la comisaria, personal policial acude a calle Fray Cayetano Rodr\u00edguez al 900, donde se procede a la aprehensi\u00f3n de un ciudadano de 34 a\u00f1os de edad, trasladando adem\u00e1s a su hijastra de 8 a\u00f1os de edad, quienes se encuentran en situaci\u00f3n de calle, hall\u00e1ndose en interior de vivienda, propiedad de una mujer de 62 a\u00f1os de edad.<\/p>\n\n\n\n<p>Como consecuencia menor fue trasladada a la Comisaria de la Mujer y la Familia de San Pedro fines recibir asistencia de Servicio Local Municipalidad San Pedro, para posterior entrega a su progenitora.<\/p>\n","protected":false},"excerpt":{"rendered":"<p>Este domingo a ra\u00edz de un llamado a la comisaria, personal policial acude a calle Fray Cayetano Rodr\u00edguez al 900, donde se procede a la aprehensi\u00f3n de un ciudadano de 34 a\u00f1os de edad, trasladando adem\u00e1s a su hijastra de 8 a\u00f1os de edad, quienes se encuentran en situaci\u00f3n de calle, hall\u00e1ndose en interior de [&hellip;]<\/p>\n","protected":false},"author":4,"featured_media":116269,"comment_status":"closed","ping_status":"closed","sticky":false,"template":"","format":"standard","meta":{"om_disable_all_campaigns":false,"_jetpack_memberships_contains_paid_content":false,"footnotes":""},"categories":[2,103],"tags":[197,33,95,19],"class_list":["post-116268","post","type-post","status-publish","format-standard","has-post-thumbnail","hentry","category-locales","category-policiales-locales","tag-buenos-aires","tag-locales","tag-policiales","tag-san-pedro"],"aioseo_notices":[],"gutentor_comment":0,"jetpack_featured_media_url":"https:\/\/eldiariodesanpedro.com.ar\/sitio\/wp-content\/uploads\/2023\/03\/medida-28.jpg","jetpack_shortlink":"https:\/\/wp.me\/p6RhLt-ufi","jetpack_sharing_enabled":true,"_links":{"self":[{"href":"https:\/\/eldiariodesanpedro.com.ar\/sitio\/wp-json\/wp\/v2\/posts\/116268","targetHints":{"allow":["GET"]}}],"collection":[{"href":"https:\/\/eldiariodesanpedro.com.ar\/sitio\/wp-json\/wp\/v2\/posts"}],"about":[{"href":"https:\/\/eldiariodesanpedro.com.ar\/sitio\/wp-json\/wp\/v2\/types\/post"}],"author":[{"embeddable":true,"href":"https:\/\/eldiariodesanpedro.com.ar\/sitio\/wp-json\/wp\/v2\/users\/4"}],"replies":[{"embeddable":true,"href":"https:\/\/eldiariodesanpedro.com.ar\/sitio\/wp-json\/wp\/v2\/comments?post=116268"}],"version-history":[{"count":1,"href":"https:\/\/eldiariodesanpedro.com.ar\/sitio\/wp-json\/wp\/v2\/posts\/116268\/revisions"}],"predecessor-version":[{"id":116270,"href":"https:\/\/eldiariodesanpedro.com.ar\/sitio\/wp-json\/wp\/v2\/posts\/116268\/revisions\/116270"}],"wp:featuredmedia":[{"embeddable":true,"href":"https:\/\/eldiariodesanpedro.com.ar\/sitio\/wp-json\/wp\/v2\/media\/116269"}],"wp:attachment":[{"href":"https:\/\/eldiariodesanpedro.com.ar\/sitio\/wp-json\/wp\/v2\/media?parent=116268"}],"wp:term":[{"taxonomy":"category","embeddable":true,"href":"https:\/\/eldiariodesanpedro.com.ar\/sitio\/wp-json\/wp\/v2\/categories?post=116268"},{"taxonomy":"post_tag","embeddable":true,"href":"https:\/\/eldiariodesanpedro.com.ar\/sitio\/wp-json\/wp\/v2\/tags?post=116268"}],"curies":[{"name":"wp","href":"https:\/\/api.w.org\/{rel}","templated":true}]}}