{"id":116261,"date":"2023-03-27T13:27:09","date_gmt":"2023-03-27T16:27:09","guid":{"rendered":"https:\/\/eldiariodesanpedro.com.ar\/sitio\/?p=116261"},"modified":"2023-03-27T13:27:12","modified_gmt":"2023-03-27T16:27:12","slug":"alfredo-carrasco-sera-el-nuevo-secretario-de-economia-y-el-intendente-pedira-la-renuncia-de-todo-el-gabinete","status":"publish","type":"post","link":"https:\/\/eldiariodesanpedro.com.ar\/sitio\/alfredo-carrasco-sera-el-nuevo-secretario-de-economia-y-el-intendente-pedira-la-renuncia-de-todo-el-gabinete\/","title":{"rendered":"Alfredo Carrasco ser\u00e1 el nuevo Secretario de Econom\u00eda y el intendente pedir\u00e1 la renuncia de todo el gabinete"},"content":{"rendered":"<!-- VideographyWP Plugin Message: Automatic video embedding prevented by plugin options. -->\n\n<p>Tras el regreso del Intendente Cecilio Salazar al gobierno local comenzaron los cambios a la salida de Fabian Rodriguez el jefe comunal coloco su primer pieza en la Secretario de Econom\u00eda a Alfredo Carrasco quien ya viene acompa\u00f1ando al mandatario desde hace tiempo.<\/p>\n\n\n\n<p>Adem\u00e1s el Intendente electo por el pueblo, como realiza todos los a\u00f1os solicito la renuncia por escrita de todos los funcionarios de la municipalidad para luego decidir quien se queda y quien se va. Este martes informara los cambios dentro del gabinete.<\/p>\n","protected":false},"excerpt":{"rendered":"<p>Tras el regreso del Intendente Cecilio Salazar al gobierno local comenzaron los cambios a la salida de Fabian Rodriguez el jefe comunal coloco su primer pieza en la Secretario de Econom\u00eda a Alfredo Carrasco quien ya viene acompa\u00f1ando al mandatario desde hace tiempo. Adem\u00e1s el Intendente electo por el pueblo, como realiza todos los a\u00f1os [&hellip;]<\/p>\n","protected":false},"author":4,"featured_media":106725,"comment_status":"closed","ping_status":"closed","sticky":false,"template":"","format":"standard","meta":{"om_disable_all_campaigns":false,"_jetpack_memberships_contains_paid_content":false,"footnotes":""},"categories":[50,101,2],"tags":[197,696,33,19],"class_list":["post-116261","post","type-post","status-publish","format-standard","has-post-thumbnail","hentry","category-destacadas","category-interes-general-locales","category-locales","tag-buenos-aires","tag-interes-general","tag-locales","tag-san-pedro"],"aioseo_notices":[],"gutentor_comment":0,"jetpack_featured_media_url":"https:\/\/eldiariodesanpedro.com.ar\/sitio\/wp-content\/uploads\/2022\/05\/WhatsApp-Image-2022-05-05-at-6.24.25-PM.jpeg","jetpack_shortlink":"https:\/\/wp.me\/p6RhLt-ufb","jetpack_sharing_enabled":true,"_links":{"self":[{"href":"https:\/\/eldiariodesanpedro.com.ar\/sitio\/wp-json\/wp\/v2\/posts\/116261","targetHints":{"allow":["GET"]}}],"collection":[{"href":"https:\/\/eldiariodesanpedro.com.ar\/sitio\/wp-json\/wp\/v2\/posts"}],"about":[{"href":"https:\/\/eldiariodesanpedro.com.ar\/sitio\/wp-json\/wp\/v2\/types\/post"}],"author":[{"embeddable":true,"href":"https:\/\/eldiariodesanpedro.com.ar\/sitio\/wp-json\/wp\/v2\/users\/4"}],"replies":[{"embeddable":true,"href":"https:\/\/eldiariodesanpedro.com.ar\/sitio\/wp-json\/wp\/v2\/comments?post=116261"}],"version-history":[{"count":1,"href":"https:\/\/eldiariodesanpedro.com.ar\/sitio\/wp-json\/wp\/v2\/posts\/116261\/revisions"}],"predecessor-version":[{"id":116262,"href":"https:\/\/eldiariodesanpedro.com.ar\/sitio\/wp-json\/wp\/v2\/posts\/116261\/revisions\/116262"}],"wp:featuredmedia":[{"embeddable":true,"href":"https:\/\/eldiariodesanpedro.com.ar\/sitio\/wp-json\/wp\/v2\/media\/106725"}],"wp:attachment":[{"href":"https:\/\/eldiariodesanpedro.com.ar\/sitio\/wp-json\/wp\/v2\/media?parent=116261"}],"wp:term":[{"taxonomy":"category","embeddable":true,"href":"https:\/\/eldiariodesanpedro.com.ar\/sitio\/wp-json\/wp\/v2\/categories?post=116261"},{"taxonomy":"post_tag","embeddable":true,"href":"https:\/\/eldiariodesanpedro.com.ar\/sitio\/wp-json\/wp\/v2\/tags?post=116261"}],"curies":[{"name":"wp","href":"https:\/\/api.w.org\/{rel}","templated":true}]}}